{"id":234107,"date":"2025-11-01T13:16:05","date_gmt":"2025-11-01T20:16:05","guid":{"rendered":"https:\/\/rnoticias.com.mx\/Portal\/?p=234107"},"modified":"2025-11-01T13:16:05","modified_gmt":"2025-11-01T20:16:05","slug":"impulsa-gobierno-de-sonora-4to-festival-internacional-de-la-palma-datilera-en-mexico-ues","status":"publish","type":"post","link":"https:\/\/rnoticias.com.mx\/Portal\/2025\/11\/01\/impulsa-gobierno-de-sonora-4to-festival-internacional-de-la-palma-datilera-en-mexico-ues\/","title":{"rendered":"Impulsa Gobierno de Sonora 4to. Festival Internacional de la Palma Datilera en M\u00e9xico: UES"},"content":{"rendered":"<p>San Luis R\u00edo Colorado, Sonora; 01 de noviembre de 2025.- Con el impulso del Gobierno de Sonora, a trav\u00e9s de la Universidad Estatal de Sonora (UES), se anunci\u00f3 la realizaci\u00f3n del 4to. Festival Internacional de la Palma Datilera en M\u00e9xico, que se llevar\u00e1 a cabo los d\u00edas 27, 28 y 29 de noviembre en San Luis R\u00edo Colorado.<\/p>\n<p>El evento es organizado por la UES, en coordinaci\u00f3n con el Premio Internacional Khalifa para la Palma Datilera y la Innovaci\u00f3n Agr\u00edcola, con el respaldo de la Secretar\u00eda de Agricultura y Desarrollo Rural de M\u00e9xico (Sader) y el Ayuntamiento de San Luis R\u00edo Colorado.<\/p>\n<p>La rectora de la UES, Martha Patricia Pati\u00f1o Fierro, presidi\u00f3 la rueda de prensa de manera virtual, en la que se present\u00f3 oficialmente la cuarta edici\u00f3n del festival, quien reiter\u00f3 el compromiso de cooperaci\u00f3n cient\u00edfica y tecnol\u00f3gica con M\u00e9xico y reconoci\u00f3 el papel de la universidad en la organizaci\u00f3n del evento.<\/p>\n<p>El Festival Internacional de la Palma Datilera en M\u00e9xico se ha consolidado como un espacio de intercambio de conocimiento, innovaci\u00f3n y experiencias entre productores, investigadores, acad\u00e9micos y representantes del sector agr\u00edcola, con el objetivo de fortalecer la cadena de valor del d\u00e1til mexicano y promover su desarrollo sostenible.<\/p>\n<p>Durante los tres d\u00edas del evento se llevar\u00e1n a cabo conferencias, exposiciones, encuentros t\u00e9cnicos y concursos nacionales, entre ellos el Concurso de la Industria Datilera Mexicana y el Concurso de Fotograf\u00eda de la Palma Datilera, que reconocen la creatividad, la investigaci\u00f3n cient\u00edfica y la innovaci\u00f3n gastron\u00f3mica vinculada a este cultivo emblem\u00e1tico de las zonas \u00e1ridas del pa\u00eds.<\/p>\n<p>La rectora subray\u00f3 que, bajo el liderazgo del gobernador Alfonso Durazo, la Universidad Estatal de Sonora mantiene un firme compromiso con la investigaci\u00f3n, la innovaci\u00f3n y la vinculaci\u00f3n con el sector productivo, contribuyendo al desarrollo regional y fortaleciendo la cooperaci\u00f3n internacional.<\/p>\n<p>Con esta edici\u00f3n, Sonora reafirma su papel como referente en la producci\u00f3n, transformaci\u00f3n y promoci\u00f3n del d\u00e1til mexicano, impulsando la innovaci\u00f3n agr\u00edcola y la cooperaci\u00f3n con los Emiratos \u00c1rabes Unidos.<\/p>\n","protected":false},"excerpt":{"rendered":"<p>San Luis R\u00edo Colorado, Sonora; 01 de noviembre de 2025.- Con el impulso del Gobierno de Sonora, a trav\u00e9s de la Universidad Estatal de Sonora (UES), se anunci\u00f3 la realizaci\u00f3n del 4to. Festival Internacional de la Palma Datilera en M\u00e9xico, que se llevar\u00e1 a cabo los d\u00edas 27, 28 y 29 de noviembre en San [&hellip;]<\/p>\n","protected":false},"author":2,"featured_media":234108,"comment_status":"closed","ping_status":"closed","sticky":false,"template":"","format":"standard","meta":{"footnotes":""},"categories":[178],"tags":[12869],"class_list":["post-234107","post","type-post","status-publish","format-standard","has-post-thumbnail","hentry","category-local","tag-local"],"jetpack_featured_media_url":"https:\/\/rnoticias.com.mx\/Portal\/wp-content\/uploads\/2025\/11\/4544.jpg","amp_enabled":true,"_links":{"self":[{"href":"https:\/\/rnoticias.com.mx\/Portal\/wp-json\/wp\/v2\/posts\/234107","targetHints":{"allow":["GET"]}}],"collection":[{"href":"https:\/\/rnoticias.com.mx\/Portal\/wp-json\/wp\/v2\/posts"}],"about":[{"href":"https:\/\/rnoticias.com.mx\/Portal\/wp-json\/wp\/v2\/types\/post"}],"author":[{"embeddable":true,"href":"https:\/\/rnoticias.com.mx\/Portal\/wp-json\/wp\/v2\/users\/2"}],"replies":[{"embeddable":true,"href":"https:\/\/rnoticias.com.mx\/Portal\/wp-json\/wp\/v2\/comments?post=234107"}],"version-history":[{"count":1,"href":"https:\/\/rnoticias.com.mx\/Portal\/wp-json\/wp\/v2\/posts\/234107\/revisions"}],"predecessor-version":[{"id":234109,"href":"https:\/\/rnoticias.com.mx\/Portal\/wp-json\/wp\/v2\/posts\/234107\/revisions\/234109"}],"wp:featuredmedia":[{"embeddable":true,"href":"https:\/\/rnoticias.com.mx\/Portal\/wp-json\/wp\/v2\/media\/234108"}],"wp:attachment":[{"href":"https:\/\/rnoticias.com.mx\/Portal\/wp-json\/wp\/v2\/media?parent=234107"}],"wp:term":[{"taxonomy":"category","embeddable":true,"href":"https:\/\/rnoticias.com.mx\/Portal\/wp-json\/wp\/v2\/categories?post=234107"},{"taxonomy":"post_tag","embeddable":true,"href":"https:\/\/rnoticias.com.mx\/Portal\/wp-json\/wp\/v2\/tags?post=234107"}],"curies":[{"name":"wp","href":"https:\/\/api.w.org\/{rel}","templated":true}]}}