{"id":234095,"date":"2025-11-01T11:09:52","date_gmt":"2025-11-01T18:09:52","guid":{"rendered":"https:\/\/rnoticias.com.mx\/Portal\/?p=234095"},"modified":"2025-11-01T11:09:52","modified_gmt":"2025-11-01T18:09:52","slug":"participara-alumnado-de-cobach-en-olimpiada-nacional-de-fisica-2025-gobierno-de-sonora","status":"publish","type":"post","link":"https:\/\/rnoticias.com.mx\/Portal\/2025\/11\/01\/participara-alumnado-de-cobach-en-olimpiada-nacional-de-fisica-2025-gobierno-de-sonora\/","title":{"rendered":"Participar\u00e1 alumnado de Cobach en Olimpiada Nacional de F\u00edsica 2025: Gobierno de Sonora"},"content":{"rendered":"<p>Hermosillo, Sonora; 01 de noviembre de 2025.- Cuatro estudiantes del Colegio de Bachilleres del Estado de Sonora (Cobach), ganadores de la etapa clasificatoria estatal, integran la selecci\u00f3n sonorense que representar\u00e1 a la entidad en la Olimpiada Nacional de F\u00edsica 2025.<\/p>\n<p>Los estudiantes Al\u00e1n Flores Alan\u00edz y Addiel Tadel Bejarano Duarte, del plantel Caborca, as\u00ed como Jes\u00fas Romero Mayoral, del plantel Villa de Seris, y Marco Vinicio \u00c1lvarez Villa, del plantel Profesor Jes\u00fas Guillermo Careaga Cruz, recibieron su acreditaci\u00f3n para participar en el concurso nacional como triunfadores de la Olimpiada Sonorense de F\u00edsica 2025.<\/p>\n<p>El director general del Cobach, Rodrigo Arturo Rosas Burgos, felicit\u00f3 a los j\u00f3venes al acompa\u00f1arlos en la ceremonia donde recibieron sus reconocimientos como ganadores de la etapa estatal y destac\u00f3 todo el esfuerzo y la dedicaci\u00f3n de quienes ahora son seleccionados sonorenses para competir en el certamen nacional.<\/p>\n<p>Al\u00e1n Flores Alan\u00edz, ganador de medalla de plata en la Olimpiada Centroamericana y del Caribe de F\u00edsica 2025, en Santo Domingo, Rep\u00fablica Dominicana, en septiembre pasado, y de bronce en la Olimpiada Nacional de 2024, competir\u00e1 de nuevo en el concurso en el que participar\u00e1n representantes de todo el pa\u00eds, que se llevar\u00e1 a cabo en noviembre, en d\u00edas y sede a\u00fan por definir.<\/p>\n<p>La Olimpiada Sonorense de F\u00edsica 2025, en la cual los ganadores tuvieron que superar varios ex\u00e1menes en un proceso de clasificaci\u00f3n que dur\u00f3 cuatro meses, fue convocada por la Sociedad Mexicana de F\u00edsica (SMF) y la Universidad de Sonora (Unison) como organizadora de la fase estatal.<\/p>\n","protected":false},"excerpt":{"rendered":"<p>Hermosillo, Sonora; 01 de noviembre de 2025.- Cuatro estudiantes del Colegio de Bachilleres del Estado de Sonora (Cobach), ganadores de la etapa clasificatoria estatal, integran la selecci\u00f3n sonorense que representar\u00e1 a la entidad en la Olimpiada Nacional de F\u00edsica 2025. Los estudiantes Al\u00e1n Flores Alan\u00edz y Addiel Tadel Bejarano Duarte, del plantel Caborca, as\u00ed como [&hellip;]<\/p>\n","protected":false},"author":2,"featured_media":234096,"comment_status":"closed","ping_status":"closed","sticky":false,"template":"","format":"standard","meta":{"footnotes":""},"categories":[12870,178],"tags":[12865,12869],"class_list":["post-234095","post","type-post","status-publish","format-standard","has-post-thumbnail","hentry","category-destacadas","category-local","tag-destacadas","tag-local"],"jetpack_featured_media_url":"https:\/\/rnoticias.com.mx\/Portal\/wp-content\/uploads\/2025\/11\/323.jpg","amp_enabled":true,"_links":{"self":[{"href":"https:\/\/rnoticias.com.mx\/Portal\/wp-json\/wp\/v2\/posts\/234095","targetHints":{"allow":["GET"]}}],"collection":[{"href":"https:\/\/rnoticias.com.mx\/Portal\/wp-json\/wp\/v2\/posts"}],"about":[{"href":"https:\/\/rnoticias.com.mx\/Portal\/wp-json\/wp\/v2\/types\/post"}],"author":[{"embeddable":true,"href":"https:\/\/rnoticias.com.mx\/Portal\/wp-json\/wp\/v2\/users\/2"}],"replies":[{"embeddable":true,"href":"https:\/\/rnoticias.com.mx\/Portal\/wp-json\/wp\/v2\/comments?post=234095"}],"version-history":[{"count":1,"href":"https:\/\/rnoticias.com.mx\/Portal\/wp-json\/wp\/v2\/posts\/234095\/revisions"}],"predecessor-version":[{"id":234097,"href":"https:\/\/rnoticias.com.mx\/Portal\/wp-json\/wp\/v2\/posts\/234095\/revisions\/234097"}],"wp:featuredmedia":[{"embeddable":true,"href":"https:\/\/rnoticias.com.mx\/Portal\/wp-json\/wp\/v2\/media\/234096"}],"wp:attachment":[{"href":"https:\/\/rnoticias.com.mx\/Portal\/wp-json\/wp\/v2\/media?parent=234095"}],"wp:term":[{"taxonomy":"category","embeddable":true,"href":"https:\/\/rnoticias.com.mx\/Portal\/wp-json\/wp\/v2\/categories?post=234095"},{"taxonomy":"post_tag","embeddable":true,"href":"https:\/\/rnoticias.com.mx\/Portal\/wp-json\/wp\/v2\/tags?post=234095"}],"curies":[{"name":"wp","href":"https:\/\/api.w.org\/{rel}","templated":true}]}}