{"id":234092,"date":"2025-11-01T11:08:54","date_gmt":"2025-11-01T18:08:54","guid":{"rendered":"https:\/\/rnoticias.com.mx\/Portal\/?p=234092"},"modified":"2025-11-01T11:08:54","modified_gmt":"2025-11-01T18:08:54","slug":"isaac-del-toro-gana-el-premio-nacional-de-deportes","status":"publish","type":"post","link":"https:\/\/rnoticias.com.mx\/Portal\/2025\/11\/01\/isaac-del-toro-gana-el-premio-nacional-de-deportes\/","title":{"rendered":"Isaac del Toro gana el Premio Nacional de Deportes"},"content":{"rendered":"<p>La Comisi\u00f3n Nacional de Cultura F\u00edsica y Deporte, junto con la Secretar\u00eda de Educaci\u00f3n P\u00fablica, dieron a conocer a los ganadores del Premio Nacional de Deportes: en la rama profesional, el ciclista Isaac del Toro sum\u00f3 un triunfo m\u00e1s, al encabezar la lista de los galardonados.<\/p>\n<p>A lo largo de la temporada,\u00a0<strong>Isaac conquist\u00f3 diecis\u00e9is victorias en territorio europeo, de la mano con su equipo UAE Team Emirates. Adem\u00e1s de que, recientemente, sum\u00f3 dos t\u00edtulos nacionales.<\/strong><\/p>\n<p>En la rama no profesional, la arquera Andrea Maya Becerra lanz\u00f3 sus flechas hasta llevarse el reconocimiento. As\u00ed como la marchista Alegna Gonz\u00e1lez, el clavadista Osmar Olvera y Uziel Mu\u00f1oz, figura en impulso de bala.<\/p>\n<p>El premio tambi\u00e9n reconoce trayectoria deportiva, donde Gabriela Ag\u00fandez, Donovan Carrillo, Jos\u00e9 Arnulfo Castorena y Lorena Ram\u00edrez se llevaron el reconocimiento.<\/p>\n<p><strong>La presidenta Claudia Sheinbaum har\u00e1 entrega de los premios este mes.\u00a0Los ganadores recibir\u00e1n un diploma y una medalla de oro; as\u00ed como 796 mil 005 pesos mexicanos,\u00a0<\/strong>a excepci\u00f3n de aquellos deportistas que ya han sido galardonados en m\u00e1s de una ocasi\u00f3n, adem\u00e1s de las categor\u00edas de deporte profesional y por el fomento, la protecci\u00f3n o el impulso de la pr\u00e1ctica de los deportes.<\/p>\n<h4>Todos los ganadores del premio<\/h4>\n<p><strong>Profesional<\/strong><\/p>\n<ul>\n<li>Isaac del Toro &#8211; Ciclismo.<\/li>\n<\/ul>\n<p><strong>No profesional<\/strong><\/p>\n<div class=\"div-pos-7\"><\/div>\n<ul>\n<li>Andrea Maya Becerra &#8211; Tiro con arco.<\/li>\n<li>Alegna Gonz\u00e1lez &#8211; Atletismo.<\/li>\n<li>Uziel Mu\u00f1oz &#8211; Atletismo.<\/li>\n<li>Osmar Olvera &#8211; Clavados.<\/li>\n<\/ul>\n<p><strong>Paral\u00edmpico<\/strong><\/p>\n<ul>\n<li>Luis Carlos L\u00f3pez &#8211; Paraatletismo.<\/li>\n<li>Osiris Machado &#8211; Paraatletismo.<\/li>\n<\/ul>\n<p><strong>Entrenador<\/strong><\/p>\n<ul>\n<li>Alejandro Laberdesque &#8211; Atletismo.<\/li>\n<li>Karen Selene Montellano &#8211; Tiro con Arco.<\/li>\n<\/ul>\n<p><strong>Juez\/\u00c1rbitro<\/strong><\/p>\n<ul>\n<li>Araceli Ornelas &#8211; Taekwondo.<\/li>\n<li>Leslie Selene Velasco &#8211; ParaPowerlifting.<\/li>\n<li>Trayectoria destacada en el deporte mexicano:<\/li>\n<li>Gabriela Ag\u00fandez &#8211; Clavados.<\/li>\n<li>Donovan Carrillo &#8211; Patinaje sobre hielo.<\/li>\n<li>Jos\u00e9 Arnulfo Castorena &#8211; ParaNataci\u00f3n.<\/li>\n<li>Lorena Ramirez &#8211; Atletismo Ultramaratones.<\/li>\n<\/ul>\n<p><strong>Fomento al deporte<\/strong><\/p>\n<ul>\n<li>Mirna Beatriz De la Cruz \u00c1lvarez.<\/li>\n<\/ul>\n","protected":false},"excerpt":{"rendered":"<p>La Comisi\u00f3n Nacional de Cultura F\u00edsica y Deporte, junto con la Secretar\u00eda de Educaci\u00f3n P\u00fablica, dieron a conocer a los ganadores del Premio Nacional de Deportes: en la rama profesional, el ciclista Isaac del Toro sum\u00f3 un triunfo m\u00e1s, al encabezar la lista de los galardonados. A lo largo de la temporada,\u00a0Isaac conquist\u00f3 diecis\u00e9is victorias [&hellip;]<\/p>\n","protected":false},"author":2,"featured_media":234093,"comment_status":"closed","ping_status":"closed","sticky":false,"template":"","format":"standard","meta":{"footnotes":""},"categories":[188,12870],"tags":[5231,12865],"class_list":["post-234092","post","type-post","status-publish","format-standard","has-post-thumbnail","hentry","category-deportes","category-destacadas","tag-deportes","tag-destacadas"],"jetpack_featured_media_url":"https:\/\/rnoticias.com.mx\/Portal\/wp-content\/uploads\/2025\/11\/69058fff95d51.webp","amp_enabled":true,"_links":{"self":[{"href":"https:\/\/rnoticias.com.mx\/Portal\/wp-json\/wp\/v2\/posts\/234092","targetHints":{"allow":["GET"]}}],"collection":[{"href":"https:\/\/rnoticias.com.mx\/Portal\/wp-json\/wp\/v2\/posts"}],"about":[{"href":"https:\/\/rnoticias.com.mx\/Portal\/wp-json\/wp\/v2\/types\/post"}],"author":[{"embeddable":true,"href":"https:\/\/rnoticias.com.mx\/Portal\/wp-json\/wp\/v2\/users\/2"}],"replies":[{"embeddable":true,"href":"https:\/\/rnoticias.com.mx\/Portal\/wp-json\/wp\/v2\/comments?post=234092"}],"version-history":[{"count":1,"href":"https:\/\/rnoticias.com.mx\/Portal\/wp-json\/wp\/v2\/posts\/234092\/revisions"}],"predecessor-version":[{"id":234094,"href":"https:\/\/rnoticias.com.mx\/Portal\/wp-json\/wp\/v2\/posts\/234092\/revisions\/234094"}],"wp:featuredmedia":[{"embeddable":true,"href":"https:\/\/rnoticias.com.mx\/Portal\/wp-json\/wp\/v2\/media\/234093"}],"wp:attachment":[{"href":"https:\/\/rnoticias.com.mx\/Portal\/wp-json\/wp\/v2\/media?parent=234092"}],"wp:term":[{"taxonomy":"category","embeddable":true,"href":"https:\/\/rnoticias.com.mx\/Portal\/wp-json\/wp\/v2\/categories?post=234092"},{"taxonomy":"post_tag","embeddable":true,"href":"https:\/\/rnoticias.com.mx\/Portal\/wp-json\/wp\/v2\/tags?post=234092"}],"curies":[{"name":"wp","href":"https:\/\/api.w.org\/{rel}","templated":true}]}}