{"id":234065,"date":"2025-10-31T17:18:25","date_gmt":"2025-11-01T00:18:25","guid":{"rendered":"https:\/\/rnoticias.com.mx\/Portal\/?p=234065"},"modified":"2025-10-31T17:18:25","modified_gmt":"2025-11-01T00:18:25","slug":"aaron-ramsey-se-va-de-pumas","status":"publish","type":"post","link":"https:\/\/rnoticias.com.mx\/Portal\/2025\/10\/31\/aaron-ramsey-se-va-de-pumas\/","title":{"rendered":"Aaron Ramsey se va de Pumas"},"content":{"rendered":"<p><mark><strong>Aaron Ramsey, futbolista brit\u00e1nico de 34 a\u00f1os, habr\u00eda rescindido su contrato con los Pumas de la UNAM este viernes 31 de octubre<\/strong><\/mark>. Seg\u00fan inform\u00f3 un medio deportivo, la decisi\u00f3n se da de com\u00fan acuerdo entre el jugador, sus agentes y la directiva del club capitalino.<\/p>\n<p>Ramsey habr\u00eda llegado a M\u00e9xico reci\u00e9n en julio de este a\u00f1o para jugar con los Pumas en el Torneo Apertura 2025 de la Liga MX, pero dej\u00f3 de presentarse en la Cantera desde la Jornada 11 debido a una lesi\u00f3n en el isquiotibial y al posterior extrav\u00edo de su mascota, Halo.<\/p>\n<p><strong>El pasado 13 de octubre, el jugador gal\u00e9s public\u00f3 en sus redes sociales que Halo se hab\u00eda extraviado en San Miguel de Allende, Guanajuato; fue vista por \u00faltima vez en Los Herreros, cerca de San Gabriel.<\/strong><\/p>\n<p>El atacante lleg\u00f3 a un acuerdo con Efra\u00edn Ju\u00e1rez, director t\u00e9cnico de Pumas, para ausentarse de los entrenamientos y regres\u00f3 a su pa\u00eds, dejando al equipo a la deriva en sus juegos ante Rayados, San Luis y Le\u00f3n.<\/p>\n<p>Este viernes, el periodista\u00a0<mark>C\u00e9sar Merlo<\/mark>, especialista en temas deportivos, public\u00f3 que Ramsey no pudo terminar su estancia en el Apertura 2025, por lo que precipit\u00f3 su salida del club universitario y regres\u00f3 a Europa.<\/p>\n<p>El atacante debut\u00f3 en la Jornada 6, el 24 de agosto, frente al Puebla, y finaliz\u00f3 su actuaci\u00f3n el 27 de septiembre, tras enfrentarse contra las \u00c1guilas el Am\u00e9rica el 27 de septiembre en el partido correspondiente a la Jornada 11. El europeo acumul\u00f3 un total de 61 minutos en la derrota de 4-1 en el Estadio Ciudad de los Deportes.<\/p>\n<p><i>Con informaci\u00f3n de ESPN.<\/i><\/p>\n","protected":false},"excerpt":{"rendered":"<p>Aaron Ramsey, futbolista brit\u00e1nico de 34 a\u00f1os, habr\u00eda rescindido su contrato con los Pumas de la UNAM este viernes 31 de octubre. Seg\u00fan inform\u00f3 un medio deportivo, la decisi\u00f3n se da de com\u00fan acuerdo entre el jugador, sus agentes y la directiva del club capitalino. Ramsey habr\u00eda llegado a M\u00e9xico reci\u00e9n en julio de este [&hellip;]<\/p>\n","protected":false},"author":2,"featured_media":234066,"comment_status":"closed","ping_status":"closed","sticky":false,"template":"","format":"standard","meta":{"footnotes":""},"categories":[188,12870],"tags":[5231,12865],"class_list":["post-234065","post","type-post","status-publish","format-standard","has-post-thumbnail","hentry","category-deportes","category-destacadas","tag-deportes","tag-destacadas"],"jetpack_featured_media_url":"https:\/\/rnoticias.com.mx\/Portal\/wp-content\/uploads\/2025\/10\/aaron-ramsey-se-va-de-pumas-unam-liga-mx-apertura-2025.webp","amp_enabled":true,"_links":{"self":[{"href":"https:\/\/rnoticias.com.mx\/Portal\/wp-json\/wp\/v2\/posts\/234065","targetHints":{"allow":["GET"]}}],"collection":[{"href":"https:\/\/rnoticias.com.mx\/Portal\/wp-json\/wp\/v2\/posts"}],"about":[{"href":"https:\/\/rnoticias.com.mx\/Portal\/wp-json\/wp\/v2\/types\/post"}],"author":[{"embeddable":true,"href":"https:\/\/rnoticias.com.mx\/Portal\/wp-json\/wp\/v2\/users\/2"}],"replies":[{"embeddable":true,"href":"https:\/\/rnoticias.com.mx\/Portal\/wp-json\/wp\/v2\/comments?post=234065"}],"version-history":[{"count":1,"href":"https:\/\/rnoticias.com.mx\/Portal\/wp-json\/wp\/v2\/posts\/234065\/revisions"}],"predecessor-version":[{"id":234067,"href":"https:\/\/rnoticias.com.mx\/Portal\/wp-json\/wp\/v2\/posts\/234065\/revisions\/234067"}],"wp:featuredmedia":[{"embeddable":true,"href":"https:\/\/rnoticias.com.mx\/Portal\/wp-json\/wp\/v2\/media\/234066"}],"wp:attachment":[{"href":"https:\/\/rnoticias.com.mx\/Portal\/wp-json\/wp\/v2\/media?parent=234065"}],"wp:term":[{"taxonomy":"category","embeddable":true,"href":"https:\/\/rnoticias.com.mx\/Portal\/wp-json\/wp\/v2\/categories?post=234065"},{"taxonomy":"post_tag","embeddable":true,"href":"https:\/\/rnoticias.com.mx\/Portal\/wp-json\/wp\/v2\/tags?post=234065"}],"curies":[{"name":"wp","href":"https:\/\/api.w.org\/{rel}","templated":true}]}}