{"id":234023,"date":"2025-10-30T20:08:15","date_gmt":"2025-10-31T03:08:15","guid":{"rendered":"https:\/\/rnoticias.com.mx\/Portal\/?p=234023"},"modified":"2025-10-30T20:11:57","modified_gmt":"2025-10-31T03:11:57","slug":"colombia-no-asistira-a-la-serie-del-caribe-2026-dirigente-confirma-la-no-participacion","status":"publish","type":"post","link":"https:\/\/rnoticias.com.mx\/Portal\/2025\/10\/30\/colombia-no-asistira-a-la-serie-del-caribe-2026-dirigente-confirma-la-no-participacion\/","title":{"rendered":"Colombia no asistir\u00e1 a la Serie del Caribe 2026: dirigente confirma la no participaci\u00f3n"},"content":{"rendered":"<div class=\"paragraph\">El presidente de la Divisi\u00f3n Profesional del B\u00e9isbol Colombiano,\u00a0<b>Pedro Salzedo<\/b>, confirm\u00f3 que Colombia no asistir\u00e1 a la pr\u00f3xima edici\u00f3n de la Serie del Caribe.<\/div>\n<div id=\"contenido-meter-piano\" class=\"contenido-meter-piano\"><\/div>\n<h2>Colombia se baja de la Serie del Caribe<\/h2>\n<div class=\"paragraph\">En una entrevista en el programa En La Jugada, de EL HERALDO, el dirigente confirm\u00f3 la imposibilidad para que el pa\u00eds asista al torneo.<\/div>\n<div><\/div>\n<div class=\"paragraph\">\u201cRecibimos la invitaci\u00f3n, pero estando ya en la Serie de las Am\u00e9ricas, la organizaci\u00f3n de nosotros nos exige que cualquiera que participe debe hacerlo bajo las mismas condiciones. Las circunstancias no se dan y nos vamos a abstener de participar en la Serie del Caribe\u201d, asegur\u00f3.<\/div>\n<div><\/div>\n<div class=\"paragraph\">\u201cNos tocar\u00eda pagar, porque para ir a Venezuela nos tocar\u00eda hacer recorrido, todo tiene un costo importante, la Serie de las Am\u00e9ricas cuestion\u00f3 eso. Nosotros somos socios de la Serie de las Am\u00e9ricas. Es un torneo que tuvo mucho \u00e9xito y es el que estamos respaldando en este momento\u201d, complement\u00f3.<\/div>\n<div><\/div>\n<div class=\"paragraph\">\u201cNosotros no participamos en la \u00faltima Serie del Caribe porque ten\u00edamos que pagar un costo por participar y luego estar una semana participando ser\u00eda mucho costo, por eso no asistimos\u201d, se\u00f1al\u00f3 el dirigente.<\/div>\n<div><\/div>\n<div class=\"paragraph\">El directivo anunci\u00f3 que la Liga de B\u00e9isbol de Colombia est\u00e1 programada para empezar el 28 de noviembre.<\/div>\n<div><\/div>\n<h2>Colombia era invitado<\/h2>\n<div class=\"paragraph\">El pasado martes 15 de julio, Colombia hab\u00eda sido conformado como uno de los pa\u00edses invitados que disputar\u00e1n la Serie del Caribe Gran Caracas 2026 de b\u00e9isbol que se desarrollar\u00e1 del 30 de enero al 7 de febrero de 2026 en Caracas y La Guaira, Venezuela.<\/div>\n<div><\/div>\n<div class=\"paragraph\">Este certamen albergar\u00e1 a un total de ocho equipos y se disputar\u00e1, por primera vez, en tres escenarios diferentes.<\/div>\n<div><\/div>\n<div class=\"paragraph\">El Estadio Monumental Sim\u00f3n Bol\u00edvar (Caracas) y el Estadio Jorge Luis Garc\u00eda Carneiro (La Guaira) son los dos escenarios principales donde se desarrollar\u00e1 el certamen, siendo el Estadio Universitario (Ciudad Universitaria, Caracas) el que albergue la pr\u00e1ctica de las delegaciones antes y durante el evento.<\/div>\n<div><\/div>\n<div class=\"paragraph\"><\/div>\n<div class=\"related-links\">Fuente: www.eltiempo.com<\/div>\n","protected":false},"excerpt":{"rendered":"<p>El presidente de la Divisi\u00f3n Profesional del B\u00e9isbol Colombiano,\u00a0Pedro Salzedo, confirm\u00f3 que Colombia no asistir\u00e1 a la pr\u00f3xima edici\u00f3n de la Serie del Caribe. Colombia se baja de la Serie del Caribe En una entrevista en el programa En La Jugada, de EL HERALDO, el dirigente confirm\u00f3 la imposibilidad para que el pa\u00eds asista al [&hellip;]<\/p>\n","protected":false},"author":2,"featured_media":234024,"comment_status":"closed","ping_status":"closed","sticky":false,"template":"","format":"standard","meta":{"footnotes":""},"categories":[188,12870],"tags":[5231,12865],"class_list":["post-234023","post","type-post","status-publish","format-standard","has-post-thumbnail","hentry","category-deportes","category-destacadas","tag-deportes","tag-destacadas"],"jetpack_featured_media_url":"https:\/\/rnoticias.com.mx\/Portal\/wp-content\/uploads\/2025\/10\/rovtydnxoh17onldwgwj.jpeg","amp_enabled":true,"_links":{"self":[{"href":"https:\/\/rnoticias.com.mx\/Portal\/wp-json\/wp\/v2\/posts\/234023","targetHints":{"allow":["GET"]}}],"collection":[{"href":"https:\/\/rnoticias.com.mx\/Portal\/wp-json\/wp\/v2\/posts"}],"about":[{"href":"https:\/\/rnoticias.com.mx\/Portal\/wp-json\/wp\/v2\/types\/post"}],"author":[{"embeddable":true,"href":"https:\/\/rnoticias.com.mx\/Portal\/wp-json\/wp\/v2\/users\/2"}],"replies":[{"embeddable":true,"href":"https:\/\/rnoticias.com.mx\/Portal\/wp-json\/wp\/v2\/comments?post=234023"}],"version-history":[{"count":1,"href":"https:\/\/rnoticias.com.mx\/Portal\/wp-json\/wp\/v2\/posts\/234023\/revisions"}],"predecessor-version":[{"id":234025,"href":"https:\/\/rnoticias.com.mx\/Portal\/wp-json\/wp\/v2\/posts\/234023\/revisions\/234025"}],"wp:featuredmedia":[{"embeddable":true,"href":"https:\/\/rnoticias.com.mx\/Portal\/wp-json\/wp\/v2\/media\/234024"}],"wp:attachment":[{"href":"https:\/\/rnoticias.com.mx\/Portal\/wp-json\/wp\/v2\/media?parent=234023"}],"wp:term":[{"taxonomy":"category","embeddable":true,"href":"https:\/\/rnoticias.com.mx\/Portal\/wp-json\/wp\/v2\/categories?post=234023"},{"taxonomy":"post_tag","embeddable":true,"href":"https:\/\/rnoticias.com.mx\/Portal\/wp-json\/wp\/v2\/tags?post=234023"}],"curies":[{"name":"wp","href":"https:\/\/api.w.org\/{rel}","templated":true}]}}