{"id":234020,"date":"2025-10-30T19:46:46","date_gmt":"2025-10-31T02:46:46","guid":{"rendered":"https:\/\/rnoticias.com.mx\/Portal\/?p=234020"},"modified":"2025-10-30T19:46:46","modified_gmt":"2025-10-31T02:46:46","slug":"instala-gobierno-de-sonora-punto-de-vacunacion-invernal-en-centro-de-gobierno","status":"publish","type":"post","link":"https:\/\/rnoticias.com.mx\/Portal\/2025\/10\/30\/instala-gobierno-de-sonora-punto-de-vacunacion-invernal-en-centro-de-gobierno\/","title":{"rendered":"Instala Gobierno de Sonora punto de vacunaci\u00f3n invernal en Centro de Gobierno"},"content":{"rendered":"<p>Hermosillo, Sonora; 30 de octubre de 2025.- Con el prop\u00f3sito de ofrecer protecci\u00f3n inmunol\u00f3gica contra enfermedades respiratorias durante el periodo de fr\u00edo, el Gobierno de Sonora, a trav\u00e9s de la Secretar\u00eda de Salud P\u00fablica, instal\u00f3 un punto de vacunaci\u00f3n en el Centro de Gobierno, disponible del 29 al 31 de octubre.<\/p>\n<p>Mar\u00eda Concepci\u00f3n F\u00e9lix Lares, responsable estatal de Vacunaci\u00f3n, inform\u00f3 que esta actividad forma parte de la Campa\u00f1a de Vacunaci\u00f3n de Temporada Invernal 2025-2026, la cual tiene como objetivo reducir la incidencia de enfermedades respiratorias y sus complicaciones, especialmente en los grupos m\u00e1s vulnerables de la poblaci\u00f3n.<\/p>\n<p>La funcionaria explic\u00f3 que en esta jornada se aplicar\u00e1n vacunas contra la influenza, COVID-19 y neumococo, las cuales ayudan a fortalecer el sistema inmunol\u00f3gico y prevenir cuadros graves de enfermedad durante la temporada invernal. Todas las dosis estar\u00e1n disponibles de manera gratuita.<\/p>\n<p>\u201cLa invitaci\u00f3n es para que todas las personas acudan a recibir su vacuna, principalmente los grupos de 6 a 59 meses de edad, personas mayores de 60 a\u00f1os, embarazadas, personal de salud y quienes viven con factores de riesgo o enfermedades cr\u00f3nicas como diabetes, cardiopat\u00edas o asma, ya que son quienes pueden presentar mayores complicaciones\u201d, se\u00f1al\u00f3.<\/p>\n<p>Cabe destacar que, para la presente campa\u00f1a de vacunaci\u00f3n, la Secretar\u00eda de Salud P\u00fablica prev\u00e9 la distribuci\u00f3n de 845 mil dosis en todo el estado, de las cuales 271 mil corresponden a vacunas contra COVID-19.<\/p>\n<p>El Gobierno de Sonora reitera su compromiso con la salud de las y los sonorenses e invita a la poblaci\u00f3n a acudir al Centro de Gobierno o al Centro de Salud m\u00e1s cercano para recibir su vacuna, pues la prevenci\u00f3n es la mejor herramienta para cuidar la salud y proteger a las familias durante la temporada invernal.<\/p>\n","protected":false},"excerpt":{"rendered":"<p>Hermosillo, Sonora; 30 de octubre de 2025.- Con el prop\u00f3sito de ofrecer protecci\u00f3n inmunol\u00f3gica contra enfermedades respiratorias durante el periodo de fr\u00edo, el Gobierno de Sonora, a trav\u00e9s de la Secretar\u00eda de Salud P\u00fablica, instal\u00f3 un punto de vacunaci\u00f3n en el Centro de Gobierno, disponible del 29 al 31 de octubre. Mar\u00eda Concepci\u00f3n F\u00e9lix Lares, [&hellip;]<\/p>\n","protected":false},"author":2,"featured_media":234021,"comment_status":"closed","ping_status":"closed","sticky":false,"template":"","format":"standard","meta":{"footnotes":""},"categories":[12870,178],"tags":[12865,12869],"class_list":["post-234020","post","type-post","status-publish","format-standard","has-post-thumbnail","hentry","category-destacadas","category-local","tag-destacadas","tag-local"],"jetpack_featured_media_url":"https:\/\/rnoticias.com.mx\/Portal\/wp-content\/uploads\/2025\/10\/66g.jpg","amp_enabled":true,"_links":{"self":[{"href":"https:\/\/rnoticias.com.mx\/Portal\/wp-json\/wp\/v2\/posts\/234020","targetHints":{"allow":["GET"]}}],"collection":[{"href":"https:\/\/rnoticias.com.mx\/Portal\/wp-json\/wp\/v2\/posts"}],"about":[{"href":"https:\/\/rnoticias.com.mx\/Portal\/wp-json\/wp\/v2\/types\/post"}],"author":[{"embeddable":true,"href":"https:\/\/rnoticias.com.mx\/Portal\/wp-json\/wp\/v2\/users\/2"}],"replies":[{"embeddable":true,"href":"https:\/\/rnoticias.com.mx\/Portal\/wp-json\/wp\/v2\/comments?post=234020"}],"version-history":[{"count":1,"href":"https:\/\/rnoticias.com.mx\/Portal\/wp-json\/wp\/v2\/posts\/234020\/revisions"}],"predecessor-version":[{"id":234022,"href":"https:\/\/rnoticias.com.mx\/Portal\/wp-json\/wp\/v2\/posts\/234020\/revisions\/234022"}],"wp:featuredmedia":[{"embeddable":true,"href":"https:\/\/rnoticias.com.mx\/Portal\/wp-json\/wp\/v2\/media\/234021"}],"wp:attachment":[{"href":"https:\/\/rnoticias.com.mx\/Portal\/wp-json\/wp\/v2\/media?parent=234020"}],"wp:term":[{"taxonomy":"category","embeddable":true,"href":"https:\/\/rnoticias.com.mx\/Portal\/wp-json\/wp\/v2\/categories?post=234020"},{"taxonomy":"post_tag","embeddable":true,"href":"https:\/\/rnoticias.com.mx\/Portal\/wp-json\/wp\/v2\/tags?post=234020"}],"curies":[{"name":"wp","href":"https:\/\/api.w.org\/{rel}","templated":true}]}}