{"id":233985,"date":"2025-10-30T18:09:39","date_gmt":"2025-10-31T01:09:39","guid":{"rendered":"https:\/\/rnoticias.com.mx\/Portal\/?p=233985"},"modified":"2025-10-30T18:09:39","modified_gmt":"2025-10-31T01:09:39","slug":"chiapas-aprueba-aborto-legal-para-ninas-y-adolescentes-victimas-de-violacion","status":"publish","type":"post","link":"https:\/\/rnoticias.com.mx\/Portal\/2025\/10\/30\/chiapas-aprueba-aborto-legal-para-ninas-y-adolescentes-victimas-de-violacion\/","title":{"rendered":"Chiapas aprueba aborto legal para ni\u00f1as y adolescentes v\u00edctimas de violaci\u00f3n"},"content":{"rendered":"<p>Este jueves, el Congreso de Chiapas aprob\u00f3 la ley que garantiza la\u00a0<strong>interrupci\u00f3n legal del embarazo para ni\u00f1as y adolescentes v\u00edctimas de abuso y violaci\u00f3n,<\/strong>\u00a0asegurando su acceso a un procedimiento m\u00e9dico seguro, gratuito y sin discriminaci\u00f3n.<\/p>\n<p>Esta<strong>\u00a0iniciativa tiene como objetivo que las v\u00edctimas puedan recibir atenci\u00f3n m\u00e9dica bajo los principios de dignidad humana, perspectiva de g\u00e9nero y el inter\u00e9s superior de la ni\u00f1ez,<\/strong>\u00a0evitando la criminalizaci\u00f3n de la v\u00edctima.<\/p>\n<p>En la discusi\u00f3n, la diputada Andrea Negr\u00f3n enfatiz\u00f3 que la ley busca que\u00a0<strong>&#8220;ninguna ni\u00f1a o adolescente tenga que enfrentar un embarazo forzado por culpa del silencio o la indiferencia institucional&#8221;<\/strong>\u00a0y que no sea necesario<strong>\u00a0&#8220;revivir el trauma de una violaci\u00f3n para acceder a un servicio m\u00e9dico que le corresponde por derecho&#8221;.<\/strong><\/p>\n<p>Tambi\u00e9n establece la norma que, al solicitar la interrupci\u00f3n del embarazo, se notificar\u00e1 inmediatamente a las autoridades judiciales para iniciar la investigaci\u00f3n correspondiente, reconociendo que estos embarazos son consecuencia de un delito y no una elecci\u00f3n de la v\u00edctima.<\/p>\n<p>En Chiapas, los embarazos en ni\u00f1as y adolescentes siguen siendo alarmantes.\u00a0<strong>Seg\u00fan datos citados por la diputada Negr\u00f3n, solamente en 2022 m\u00e1s de 8,700 ni\u00f1as y adolescentes se convirtieron en madres, la mayor\u00eda de los cuales fueron producto de violaci\u00f3n.<\/strong><\/p>\n<p>Seg\u00fan la diputada Rosalinda L\u00f3pez S\u00e1nchez se\u00f1al\u00f3 que la mortalidad materna y<strong>\u00a0el impacto socioecon\u00f3mico se acent\u00faan especialmente en zonas ind\u00edgenas, donde el desconocimiento y los usos y costumbres contribuyen a que muchos casos sean omitidos. Indic\u00f3 que solo el 40% de los partos ocurre en hospitales y la prevalencia anticonceptiva entre adolescentes es apenas del 38%,<\/strong>\u00a0lo que provoca mortalidad materna elevada, abandono escolar y pobreza generacional.<\/p>\n<p>&nbsp;<\/p>\n<p>Fuente: Infobae<\/p>\n","protected":false},"excerpt":{"rendered":"<p>Este jueves, el Congreso de Chiapas aprob\u00f3 la ley que garantiza la\u00a0interrupci\u00f3n legal del embarazo para ni\u00f1as y adolescentes v\u00edctimas de abuso y violaci\u00f3n,\u00a0asegurando su acceso a un procedimiento m\u00e9dico seguro, gratuito y sin discriminaci\u00f3n. Esta\u00a0iniciativa tiene como objetivo que las v\u00edctimas puedan recibir atenci\u00f3n m\u00e9dica bajo los principios de dignidad humana, perspectiva de g\u00e9nero [&hellip;]<\/p>\n","protected":false},"author":2,"featured_media":233986,"comment_status":"closed","ping_status":"closed","sticky":false,"template":"","format":"standard","meta":{"footnotes":""},"categories":[12870,172],"tags":[12865,12874],"class_list":["post-233985","post","type-post","status-publish","format-standard","has-post-thumbnail","hentry","category-destacadas","category-nacional","tag-destacadas","tag-nacional"],"jetpack_featured_media_url":"https:\/\/rnoticias.com.mx\/Portal\/wp-content\/uploads\/2025\/10\/IMG_1653.jpeg","amp_enabled":true,"_links":{"self":[{"href":"https:\/\/rnoticias.com.mx\/Portal\/wp-json\/wp\/v2\/posts\/233985","targetHints":{"allow":["GET"]}}],"collection":[{"href":"https:\/\/rnoticias.com.mx\/Portal\/wp-json\/wp\/v2\/posts"}],"about":[{"href":"https:\/\/rnoticias.com.mx\/Portal\/wp-json\/wp\/v2\/types\/post"}],"author":[{"embeddable":true,"href":"https:\/\/rnoticias.com.mx\/Portal\/wp-json\/wp\/v2\/users\/2"}],"replies":[{"embeddable":true,"href":"https:\/\/rnoticias.com.mx\/Portal\/wp-json\/wp\/v2\/comments?post=233985"}],"version-history":[{"count":1,"href":"https:\/\/rnoticias.com.mx\/Portal\/wp-json\/wp\/v2\/posts\/233985\/revisions"}],"predecessor-version":[{"id":233987,"href":"https:\/\/rnoticias.com.mx\/Portal\/wp-json\/wp\/v2\/posts\/233985\/revisions\/233987"}],"wp:featuredmedia":[{"embeddable":true,"href":"https:\/\/rnoticias.com.mx\/Portal\/wp-json\/wp\/v2\/media\/233986"}],"wp:attachment":[{"href":"https:\/\/rnoticias.com.mx\/Portal\/wp-json\/wp\/v2\/media?parent=233985"}],"wp:term":[{"taxonomy":"category","embeddable":true,"href":"https:\/\/rnoticias.com.mx\/Portal\/wp-json\/wp\/v2\/categories?post=233985"},{"taxonomy":"post_tag","embeddable":true,"href":"https:\/\/rnoticias.com.mx\/Portal\/wp-json\/wp\/v2\/tags?post=233985"}],"curies":[{"name":"wp","href":"https:\/\/api.w.org\/{rel}","templated":true}]}}