{"id":233966,"date":"2025-10-30T16:38:23","date_gmt":"2025-10-30T23:38:23","guid":{"rendered":"https:\/\/rnoticias.com.mx\/Portal\/?p=233966"},"modified":"2025-10-30T16:38:23","modified_gmt":"2025-10-30T23:38:23","slug":"amazon-planea-sustituir-su-plantilla-de-trabajo-por-inteligencia-artificial","status":"publish","type":"post","link":"https:\/\/rnoticias.com.mx\/Portal\/2025\/10\/30\/amazon-planea-sustituir-su-plantilla-de-trabajo-por-inteligencia-artificial\/","title":{"rendered":"Amazon planea sustituir su plantilla de trabajo por inteligencia artificial"},"content":{"rendered":"<p>Amazon inform\u00f3 una nueva ola de recortes que impactar\u00e1 a aproximadamente <strong>14 mil empleados corporativos,\u00a0<\/strong>como parte de una reestructuraci\u00f3n interna enfocada en la implementaci\u00f3n de inteligencia artificial (IA) y en la b\u00fasqueda de mayor eficiencia operativa dentro de la compa\u00f1\u00eda.<\/p>\n<p>La decisi\u00f3n fue comunicada a los trabajadores mediante una\u00a0<mark>carta interna, tambi\u00e9n publicada en el portal oficial de la empresa.\u00a0<\/mark>En el documento, Beth Galetti, vicepresidenta s\u00e9nior de Experiencia de las Personas y Tecnolog\u00eda, explic\u00f3 que el objetivo de esta medida es<i><strong>\u00a0\u201creducir capas y reasignar recursos hacia las mayores apuestas del negocio\u201d,\u00a0<\/strong><\/i>en referencia a las \u00e1reas que representan el futuro estrat\u00e9gico de Amazon.<\/p>\n<p>&nbsp;<\/p>\n<h2>Despidos y reorganizaci\u00f3n corporativa<\/h2>\n<p>De acuerdo con Reuters, la reducci\u00f3n podr\u00eda alcanzar\u00a0<strong>hasta 30 mil empleos corporativos,<\/strong>\u00a0lo que la convertir\u00eda en una de las m\u00e1s grandes desde la pandemia. Actualmente, Amazon cuenta con alrededor de\u00a0<mark>1 mill\u00f3n 56 mil trabajadores entre empleos de tiempo completo y parcial,\u00a0<\/mark>de los cuales cerca de 350 mil forman parte del personal corporativo.<\/p>\n<p>Durante los dos \u00faltimos a\u00f1os, la empresa ha llevado a cabo distintos ajustes en sus divisiones, incluyendo las \u00e1reas de libros, dispositivos y p\u00f3dcasts (Wondery). Seg\u00fan la compa\u00f1\u00eda, estos movimientos han permitido que los equipos\u00a0<i>\u201cse muevan m\u00e1s r\u00e1pido\u201d<\/i>\u00a0y adopten estructuras m\u00e1s flexibles.<\/p>\n<p>Galetti a\u00f1adi\u00f3 que la estrategia hacia 2026 contempla una reorganizaci\u00f3n constante, que implicar\u00e1 reducir personal en algunos departamentos y contratar en otros, a medida que<strong>\u00a0se fortalezcan las inversiones en infraestructura tecnol\u00f3gica y soluciones basadas en inteligencia artificial.<\/strong><\/p>\n<p>Para apoyar a quienes resulten afectados,\u00a0<strong>Amazon ofrecer\u00e1 un periodo de 90 d\u00edas en el que podr\u00e1n buscar vacantes internas, con prioridad dentro de los procesos de contrataci\u00f3n.<\/strong><\/p>\n<p>&nbsp;<\/p>\n<h2>Una fuerte apuesta por la inteligencia artificial<\/h2>\n<p>Esta reestructuraci\u00f3n responde a la visi\u00f3n del director ejecutivo, Andy Jassy, quien ha destacado que\u00a0<strong>la adopci\u00f3n creciente de la IA generativa permitir\u00e1 que la compa\u00f1\u00eda funcione con equipos m\u00e1s reducidos pero altamente especializados.<\/strong><\/p>\n<p>Para 2025, Amazon prev\u00e9 una inversi\u00f3n de aproximadamente\u00a0<mark>118 mil millones de d\u00f3lares en gastos de capital,<\/mark>\u00a0gran parte de ellos destinados al fortalecimiento de su infraestructura en la nube y al desarrollo de sistemas de inteligencia artificial.<\/p>\n","protected":false},"excerpt":{"rendered":"<p>Amazon inform\u00f3 una nueva ola de recortes que impactar\u00e1 a aproximadamente 14 mil empleados corporativos,\u00a0como parte de una reestructuraci\u00f3n interna enfocada en la implementaci\u00f3n de inteligencia artificial (IA) y en la b\u00fasqueda de mayor eficiencia operativa dentro de la compa\u00f1\u00eda. La decisi\u00f3n fue comunicada a los trabajadores mediante una\u00a0carta interna, tambi\u00e9n publicada en el portal [&hellip;]<\/p>\n","protected":false},"author":2,"featured_media":233967,"comment_status":"closed","ping_status":"closed","sticky":false,"template":"","format":"standard","meta":{"footnotes":""},"categories":[12870,182],"tags":[12865,12871],"class_list":["post-233966","post","type-post","status-publish","format-standard","has-post-thumbnail","hentry","category-destacadas","category-internacional","tag-destacadas","tag-internacional"],"jetpack_featured_media_url":"https:\/\/rnoticias.com.mx\/Portal\/wp-content\/uploads\/2025\/10\/imagen70304jpg-186304.jpg","amp_enabled":true,"_links":{"self":[{"href":"https:\/\/rnoticias.com.mx\/Portal\/wp-json\/wp\/v2\/posts\/233966","targetHints":{"allow":["GET"]}}],"collection":[{"href":"https:\/\/rnoticias.com.mx\/Portal\/wp-json\/wp\/v2\/posts"}],"about":[{"href":"https:\/\/rnoticias.com.mx\/Portal\/wp-json\/wp\/v2\/types\/post"}],"author":[{"embeddable":true,"href":"https:\/\/rnoticias.com.mx\/Portal\/wp-json\/wp\/v2\/users\/2"}],"replies":[{"embeddable":true,"href":"https:\/\/rnoticias.com.mx\/Portal\/wp-json\/wp\/v2\/comments?post=233966"}],"version-history":[{"count":1,"href":"https:\/\/rnoticias.com.mx\/Portal\/wp-json\/wp\/v2\/posts\/233966\/revisions"}],"predecessor-version":[{"id":233968,"href":"https:\/\/rnoticias.com.mx\/Portal\/wp-json\/wp\/v2\/posts\/233966\/revisions\/233968"}],"wp:featuredmedia":[{"embeddable":true,"href":"https:\/\/rnoticias.com.mx\/Portal\/wp-json\/wp\/v2\/media\/233967"}],"wp:attachment":[{"href":"https:\/\/rnoticias.com.mx\/Portal\/wp-json\/wp\/v2\/media?parent=233966"}],"wp:term":[{"taxonomy":"category","embeddable":true,"href":"https:\/\/rnoticias.com.mx\/Portal\/wp-json\/wp\/v2\/categories?post=233966"},{"taxonomy":"post_tag","embeddable":true,"href":"https:\/\/rnoticias.com.mx\/Portal\/wp-json\/wp\/v2\/tags?post=233966"}],"curies":[{"name":"wp","href":"https:\/\/api.w.org\/{rel}","templated":true}]}}