{"id":233951,"date":"2025-10-30T16:26:17","date_gmt":"2025-10-30T23:26:17","guid":{"rendered":"https:\/\/rnoticias.com.mx\/Portal\/?p=233951"},"modified":"2025-10-30T16:26:17","modified_gmt":"2025-10-30T23:26:17","slug":"diputada-ely-sallard-destaca-la-importancia-de-la-educacion-financiera-como-herramienta-de-bienestar-y-justicia-social","status":"publish","type":"post","link":"https:\/\/rnoticias.com.mx\/Portal\/2025\/10\/30\/diputada-ely-sallard-destaca-la-importancia-de-la-educacion-financiera-como-herramienta-de-bienestar-y-justicia-social\/","title":{"rendered":"Diputada Ely Sallard destaca la importancia de la educaci\u00f3n financiera como herramienta de bienestar y justicia social"},"content":{"rendered":"<p>Hermosillo, Sonora; 30 de octubre de 2025.- En el marco de la conmemoraci\u00f3n del D\u00eda Nacional de la Educaci\u00f3n Financiera, la diputada Ely Sallard Hern\u00e1ndez subray\u00f3 la relevancia de fortalecer la alfabetizaci\u00f3n financiera como un pilar fundamental para el desarrollo econ\u00f3mico y el bienestar de las y los sonorenses.<\/p>\n<p>Durante su posicionamiento ante el Pleno, la legisladora record\u00f3 que cada 6 de octubre M\u00e9xico celebra esta fecha, impulsada por la Comisi\u00f3n Nacional para la Protecci\u00f3n y Defensa de los Usuarios de Servicios Financieros (Condusef), con el objetivo de reconocer la importancia del conocimiento financiero en la vida cotidiana y fomentar una cultura de manejo responsable del dinero.<\/p>\n<p>La diputada destac\u00f3 que, seg\u00fan la Encuesta Nacional de Inclusi\u00f3n Financiera 2021 (ENIF), menos de un tercio de la poblaci\u00f3n mexicana comprende conceptos esenciales como la tasa de inter\u00e9s, la inflaci\u00f3n o la administraci\u00f3n de un presupuesto, lo que genera vulnerabilidad frente al sobreendeudamiento, fraudes financieros y la falta de ahorro para el retiro.<\/p>\n<p>Asimismo, reconoci\u00f3 los esfuerzos de la Semana Nacional de Educaci\u00f3n Financiera (SNEF), coordinada por la Condusef, que cada a\u00f1o acerca conocimientos pr\u00e1cticos sobre ahorro, inversi\u00f3n y uso responsable del cr\u00e9dito a personas de todas las edades. Sin embargo, enfatiz\u00f3 la necesidad de consolidar estos programas como pol\u00edticas p\u00fablicas permanentes, m\u00e1s all\u00e1 de campa\u00f1as temporales.<\/p>\n<p>\u201cDesde este Congreso, debemos reconocer que la educaci\u00f3n financiera es tambi\u00e9n una forma de justicia social. Un ciudadano que comprende c\u00f3mo administrar sus recursos, proteger su ingreso y planear su futuro es un ciudadano m\u00e1s libre, responsable y preparado para enfrentar los desaf\u00edos econ\u00f3micos\u201d, mencion\u00f3.<\/p>\n<p>Sallard Hern\u00e1ndez reiter\u00f3 su compromiso de impulsar iniciativas legislativas que integren la educaci\u00f3n financiera como un componente obligatorio dentro del sistema educativo de Sonora, en coordinaci\u00f3n con instituciones acad\u00e9micas como la Universidad de Sonora, con el fin de capacitar y certificar a docentes en esta materia.<\/p>\n<p>Finalmente, hizo un llamado a convertir la educaci\u00f3n financiera en una prioridad de Estado: \u201cHablar de educaci\u00f3n financiera es hablar de bienestar, desarrollo y futuro. Conmemorar el 6 de octubre, D\u00eda Nacional de la Educaci\u00f3n Financiera, no es solo celebrar una fecha, sino recordar nuestro deber de preparar a las nuevas generaciones para tomar decisiones econ\u00f3micas conscientes y responsables. Hagamos de la educaci\u00f3n financiera un derecho de todos y una prioridad de Estado, porque solo as\u00ed construiremos una sociedad m\u00e1s fuerte, informada y equitativa\u201d.<\/p>\n","protected":false},"excerpt":{"rendered":"<p>Hermosillo, Sonora; 30 de octubre de 2025.- En el marco de la conmemoraci\u00f3n del D\u00eda Nacional de la Educaci\u00f3n Financiera, la diputada Ely Sallard Hern\u00e1ndez subray\u00f3 la relevancia de fortalecer la alfabetizaci\u00f3n financiera como un pilar fundamental para el desarrollo econ\u00f3mico y el bienestar de las y los sonorenses. Durante su posicionamiento ante el Pleno, [&hellip;]<\/p>\n","protected":false},"author":2,"featured_media":233952,"comment_status":"closed","ping_status":"closed","sticky":false,"template":"","format":"standard","meta":{"footnotes":""},"categories":[12870,12868],"tags":[12865,12879],"class_list":["post-233951","post","type-post","status-publish","format-standard","has-post-thumbnail","hentry","category-destacadas","category-politica","tag-destacadas","tag-politica"],"jetpack_featured_media_url":"https:\/\/rnoticias.com.mx\/Portal\/wp-content\/uploads\/2025\/10\/439bf97c-b841-4548-99cc-2832d0771271.jpeg","amp_enabled":true,"_links":{"self":[{"href":"https:\/\/rnoticias.com.mx\/Portal\/wp-json\/wp\/v2\/posts\/233951","targetHints":{"allow":["GET"]}}],"collection":[{"href":"https:\/\/rnoticias.com.mx\/Portal\/wp-json\/wp\/v2\/posts"}],"about":[{"href":"https:\/\/rnoticias.com.mx\/Portal\/wp-json\/wp\/v2\/types\/post"}],"author":[{"embeddable":true,"href":"https:\/\/rnoticias.com.mx\/Portal\/wp-json\/wp\/v2\/users\/2"}],"replies":[{"embeddable":true,"href":"https:\/\/rnoticias.com.mx\/Portal\/wp-json\/wp\/v2\/comments?post=233951"}],"version-history":[{"count":1,"href":"https:\/\/rnoticias.com.mx\/Portal\/wp-json\/wp\/v2\/posts\/233951\/revisions"}],"predecessor-version":[{"id":233953,"href":"https:\/\/rnoticias.com.mx\/Portal\/wp-json\/wp\/v2\/posts\/233951\/revisions\/233953"}],"wp:featuredmedia":[{"embeddable":true,"href":"https:\/\/rnoticias.com.mx\/Portal\/wp-json\/wp\/v2\/media\/233952"}],"wp:attachment":[{"href":"https:\/\/rnoticias.com.mx\/Portal\/wp-json\/wp\/v2\/media?parent=233951"}],"wp:term":[{"taxonomy":"category","embeddable":true,"href":"https:\/\/rnoticias.com.mx\/Portal\/wp-json\/wp\/v2\/categories?post=233951"},{"taxonomy":"post_tag","embeddable":true,"href":"https:\/\/rnoticias.com.mx\/Portal\/wp-json\/wp\/v2\/tags?post=233951"}],"curies":[{"name":"wp","href":"https:\/\/api.w.org\/{rel}","templated":true}]}}