{"id":233924,"date":"2025-10-30T15:04:56","date_gmt":"2025-10-30T22:04:56","guid":{"rendered":"https:\/\/rnoticias.com.mx\/Portal\/?p=233924"},"modified":"2025-10-30T15:04:56","modified_gmt":"2025-10-30T22:04:56","slug":"recibe-ine-visita-de-funcionarios-del-ministerio-de-relaciones-exteriores-de-chile","status":"publish","type":"post","link":"https:\/\/rnoticias.com.mx\/Portal\/2025\/10\/30\/recibe-ine-visita-de-funcionarios-del-ministerio-de-relaciones-exteriores-de-chile\/","title":{"rendered":"Recibe INE visita de funcionarios del Ministerio de Relaciones Exteriores de Chile"},"content":{"rendered":"<p class=\"x_MsoNormal\"><span data-olk-copy-source=\"MessageBody\">Como parte de una visita oficial, la Divisi\u00f3n para la Comunidad de Chilenos en el Exterior del Ministerio de Relaciones Exteriores de Chile, solicit\u00f3 al Instituto Nacional Electoral (INE) celebrar una reuni\u00f3n para abordar temas referentes al voto desde el extranjero.<\/span><\/p>\n<p class=\"x_MsoNormal\">\n<p class=\"x_MsoNormal\">En dicha reuni\u00f3n estuvieron presentes integrantes de la Comisi\u00f3n Temporal del Voto de las y los Mexicanos Residentes en el Extranjero del INE, las consejeras Norma Irene De La Cruz Maga\u00f1a, Carla Astrid Humphrey Jordan y Claudia Zavala P\u00e9rez, el Consejero Uuc-kib Espadas Ancona y el Director Ejecutivo del Registro Federal de Electores, Alejandro Sosa Dur\u00e1n, adem\u00e1s de la Coordinadora de Asuntos Internacionales, Marisa Arlene Cabral Porchas.<\/p>\n<p class=\"x_MsoNormal\"><b>\u00a0<\/b><\/p>\n<p class=\"x_MsoNormal\">La delegaci\u00f3n chilena estuvo integrada por:<\/p>\n<p class=\"x_MsoNormal\">\n<ul type=\"disc\">\n<li class=\"x_MsoNormal\">Arturo Navarro Oyarz\u00fan, C\u00f3nsul General de Chile en M\u00e9xico.<\/li>\n<li class=\"x_MsoNormal\">Antonio Guillermo Kaiser Rojas, Jefe de Departamento de Pol\u00edticas P\u00fablicas para Chilenos en el Exterior del Ministerio de Relaciones Exteriores de Chile.<\/li>\n<li class=\"x_MsoNormal\">Luis Sandoval, Jefe del Departamento de Comunicaciones y Actividades en Terreno del Ministerio de Relaciones Exteriores de Chile.<\/li>\n<\/ul>\n<p class=\"x_MsoNormal\">\n<p class=\"x_MsoNormal\">Esta reuni\u00f3n tuvo entre sus objetivos compartir las experiencias en torno al voto de la di\u00e1spora de ambos pa\u00edses y la importancia de ampliar este derecho a un mayor n\u00famero de ciudadanas y ciudadanos; subrayando que esta visita se da en el marco del actual proceso electoral chileno, que en pr\u00f3ximas semanas celebrar\u00e1n sus elecciones generales (presidenciales y legislativas), atendiendo justamente el tema de este encuentro.<\/p>\n","protected":false},"excerpt":{"rendered":"<p>Como parte de una visita oficial, la Divisi\u00f3n para la Comunidad de Chilenos en el Exterior del Ministerio de Relaciones Exteriores de Chile, solicit\u00f3 al Instituto Nacional Electoral (INE) celebrar una reuni\u00f3n para abordar temas referentes al voto desde el extranjero. En dicha reuni\u00f3n estuvieron presentes integrantes de la Comisi\u00f3n Temporal del Voto de las [&hellip;]<\/p>\n","protected":false},"author":2,"featured_media":233925,"comment_status":"closed","ping_status":"closed","sticky":false,"template":"","format":"standard","meta":{"footnotes":""},"categories":[12870,12868],"tags":[12865,12879],"class_list":["post-233924","post","type-post","status-publish","format-standard","has-post-thumbnail","hentry","category-destacadas","category-politica","tag-destacadas","tag-politica"],"jetpack_featured_media_url":"https:\/\/rnoticias.com.mx\/Portal\/wp-content\/uploads\/2025\/10\/WhatsApp-Image-2025-10-29-at-7.21.06-PM.jpeg","amp_enabled":true,"_links":{"self":[{"href":"https:\/\/rnoticias.com.mx\/Portal\/wp-json\/wp\/v2\/posts\/233924","targetHints":{"allow":["GET"]}}],"collection":[{"href":"https:\/\/rnoticias.com.mx\/Portal\/wp-json\/wp\/v2\/posts"}],"about":[{"href":"https:\/\/rnoticias.com.mx\/Portal\/wp-json\/wp\/v2\/types\/post"}],"author":[{"embeddable":true,"href":"https:\/\/rnoticias.com.mx\/Portal\/wp-json\/wp\/v2\/users\/2"}],"replies":[{"embeddable":true,"href":"https:\/\/rnoticias.com.mx\/Portal\/wp-json\/wp\/v2\/comments?post=233924"}],"version-history":[{"count":1,"href":"https:\/\/rnoticias.com.mx\/Portal\/wp-json\/wp\/v2\/posts\/233924\/revisions"}],"predecessor-version":[{"id":233926,"href":"https:\/\/rnoticias.com.mx\/Portal\/wp-json\/wp\/v2\/posts\/233924\/revisions\/233926"}],"wp:featuredmedia":[{"embeddable":true,"href":"https:\/\/rnoticias.com.mx\/Portal\/wp-json\/wp\/v2\/media\/233925"}],"wp:attachment":[{"href":"https:\/\/rnoticias.com.mx\/Portal\/wp-json\/wp\/v2\/media?parent=233924"}],"wp:term":[{"taxonomy":"category","embeddable":true,"href":"https:\/\/rnoticias.com.mx\/Portal\/wp-json\/wp\/v2\/categories?post=233924"},{"taxonomy":"post_tag","embeddable":true,"href":"https:\/\/rnoticias.com.mx\/Portal\/wp-json\/wp\/v2\/tags?post=233924"}],"curies":[{"name":"wp","href":"https:\/\/api.w.org\/{rel}","templated":true}]}}