{"id":233910,"date":"2025-10-30T11:42:43","date_gmt":"2025-10-30T18:42:43","guid":{"rendered":"https:\/\/rnoticias.com.mx\/Portal\/?p=233910"},"modified":"2025-10-30T11:42:43","modified_gmt":"2025-10-30T18:42:43","slug":"cementerios-civiles-y-arqueologicos-de-sonora-diversas-miradas-sobre-el-patrimonio-funerario","status":"publish","type":"post","link":"https:\/\/rnoticias.com.mx\/Portal\/2025\/10\/30\/cementerios-civiles-y-arqueologicos-de-sonora-diversas-miradas-sobre-el-patrimonio-funerario\/","title":{"rendered":"Cementerios civiles y arqueol\u00f3gicos de Sonora, diversas miradas sobre el patrimonio funerario."},"content":{"rendered":"<p><strong>Hermosillo, Sonora.<\/strong>\u00a0\u2013 El Instituto Nacional de Antropolog\u00eda e Historia en Sonora invita a la presentaci\u00f3n de la charla \u201cDiversas miradas sobre el patrimonio funerario&#8221;, a impartirse por Elisa Villalpando Canchola, Patricia Olga Hern\u00e1ndez Espinoza, Delia Mar\u00eda Pi\u00f1a Aguirre y Pamela del Carmen Corella Romero el pr\u00f3ximo viernes 31 de octubre, a las 17:00 horas en el Museo Regional de Sonora, Antigua Penitenciar\u00eda.<\/p>\n<p>&nbsp;<\/p>\n<p>En esta sesi\u00f3n, especialistas e investigadores compartir\u00e1n sus reflexiones en torno al valor hist\u00f3rico, simb\u00f3lico y comunitario que encierran estos espacios, muchas veces olvidados, pero fundamentales para comprender nuestra identidad colectiva.<\/p>\n<p>&nbsp;<\/p>\n<p>Lejos de ser \u00fanicamente lugares de reposo, los cementerios constituyen aut\u00e9nticos archivos de piedra donde se preserva la memoria de las generaciones que dieron forma a nuestras ciudades y comunidades.<\/p>\n<p>&nbsp;<\/p>\n<p>Cada l\u00e1pida, cruz o inscripci\u00f3n representa una historia que se entreteje con la construcci\u00f3n del territorio sonorense, sus tradiciones, su diversidad cultural y sus transformaciones sociales. Por ello, este encuentro busca profundizar en la importancia de su conservaci\u00f3n, protecci\u00f3n y revalorizaci\u00f3n como patrimonio cultural.<\/p>\n<p>&nbsp;<\/p>\n<p>Las conferencias CAF\u00c9INAH son realizadas el \u00faltimo viernes de cada mes con el objetivo de acercar las \u00faltimas actividades, acciones y programas que el INAH desarrolla en torno a la preservaci\u00f3n y divulgaci\u00f3n del patrimonio cultural de Sonora.<\/p>\n<p>&nbsp;<\/p>\n<p>La invitaci\u00f3n est\u00e1 dirigida a todo p\u00fablico de manera presencial el pr\u00f3ximo\u00a0<strong>viernes 31 de octubre, a las 17:00 horas<\/strong>\u00a0de Sonora, en las instalaciones del Museo Regional de Sonora, Antigua Penitenciaria (Calle Jes\u00fas Garc\u00eda final s\/n. Col. La Matanza)<\/p>\n","protected":false},"excerpt":{"rendered":"<p>Hermosillo, Sonora.\u00a0\u2013 El Instituto Nacional de Antropolog\u00eda e Historia en Sonora invita a la presentaci\u00f3n de la charla \u201cDiversas miradas sobre el patrimonio funerario&#8221;, a impartirse por Elisa Villalpando Canchola, Patricia Olga Hern\u00e1ndez Espinoza, Delia Mar\u00eda Pi\u00f1a Aguirre y Pamela del Carmen Corella Romero el pr\u00f3ximo viernes 31 de octubre, a las 17:00 horas en [&hellip;]<\/p>\n","protected":false},"author":2,"featured_media":233911,"comment_status":"closed","ping_status":"closed","sticky":false,"template":"","format":"standard","meta":{"footnotes":""},"categories":[12870,178],"tags":[12865,12869],"class_list":["post-233910","post","type-post","status-publish","format-standard","has-post-thumbnail","hentry","category-destacadas","category-local","tag-destacadas","tag-local"],"jetpack_featured_media_url":"https:\/\/rnoticias.com.mx\/Portal\/wp-content\/uploads\/2025\/10\/Cementerio-de-la-guerra-en-el-Bacatete.jpg","amp_enabled":true,"_links":{"self":[{"href":"https:\/\/rnoticias.com.mx\/Portal\/wp-json\/wp\/v2\/posts\/233910","targetHints":{"allow":["GET"]}}],"collection":[{"href":"https:\/\/rnoticias.com.mx\/Portal\/wp-json\/wp\/v2\/posts"}],"about":[{"href":"https:\/\/rnoticias.com.mx\/Portal\/wp-json\/wp\/v2\/types\/post"}],"author":[{"embeddable":true,"href":"https:\/\/rnoticias.com.mx\/Portal\/wp-json\/wp\/v2\/users\/2"}],"replies":[{"embeddable":true,"href":"https:\/\/rnoticias.com.mx\/Portal\/wp-json\/wp\/v2\/comments?post=233910"}],"version-history":[{"count":1,"href":"https:\/\/rnoticias.com.mx\/Portal\/wp-json\/wp\/v2\/posts\/233910\/revisions"}],"predecessor-version":[{"id":233912,"href":"https:\/\/rnoticias.com.mx\/Portal\/wp-json\/wp\/v2\/posts\/233910\/revisions\/233912"}],"wp:featuredmedia":[{"embeddable":true,"href":"https:\/\/rnoticias.com.mx\/Portal\/wp-json\/wp\/v2\/media\/233911"}],"wp:attachment":[{"href":"https:\/\/rnoticias.com.mx\/Portal\/wp-json\/wp\/v2\/media?parent=233910"}],"wp:term":[{"taxonomy":"category","embeddable":true,"href":"https:\/\/rnoticias.com.mx\/Portal\/wp-json\/wp\/v2\/categories?post=233910"},{"taxonomy":"post_tag","embeddable":true,"href":"https:\/\/rnoticias.com.mx\/Portal\/wp-json\/wp\/v2\/tags?post=233910"}],"curies":[{"name":"wp","href":"https:\/\/api.w.org\/{rel}","templated":true}]}}