{"id":233903,"date":"2025-10-29T20:45:59","date_gmt":"2025-10-30T03:45:59","guid":{"rendered":"https:\/\/rnoticias.com.mx\/Portal\/?p=233903"},"modified":"2025-10-29T20:45:59","modified_gmt":"2025-10-30T03:45:59","slug":"cancelacion-de-ee-uu-a-13-rutas-aereas-mexicanas-entraria-en-vigor-dentro-de-3-meses","status":"publish","type":"post","link":"https:\/\/rnoticias.com.mx\/Portal\/2025\/10\/29\/cancelacion-de-ee-uu-a-13-rutas-aereas-mexicanas-entraria-en-vigor-dentro-de-3-meses\/","title":{"rendered":"Cancelaci\u00f3n de EE.UU. a 13 rutas a\u00e9reas mexicanas entrar\u00eda en vigor dentro de 3 meses"},"content":{"rendered":"<p>Ayer martes, el\u00a0gobierno de Estados Unidos emiti\u00f3 una orden para revocar la aprobaci\u00f3n de 13 rutas a\u00e9reas mexicanas, la\u00a0<b>Secretar\u00eda de Comunicaciones y Transportes\u00a0(SICT)\u00a0<\/b>inform\u00f3 que, de aplicarse la medida,\u00a0la prohibici\u00f3n entrar\u00e1 en vigor 108 d\u00edas h\u00e1biles posteriores a esa fecha, es decir,<strong>\u00a0tres meses despu\u00e9s.\u00a0<\/strong><\/p>\n<p>A trav\u00e9s de un comunicado, la dependencia indic\u00f3 que en caso de que se confirme y la orden sea final,\u00a0<strong>durante este lapso de transici\u00f3n, las\u00a0aerol\u00edneas\u00a0afectadas podr\u00edan operar bajo las condiciones actuales mientras gestionan cambios y ajustes.<\/strong><\/p>\n<p>Y se\u00f1al\u00f3 que continuar\u00e1 con las\u00a0mesas de trabajo\u00a0de manera coordinada con los actores involucrados par<strong>a asegurar que las decisiones adoptadas se traduzcan en beneficios tangibles para los pasajeros y en un crecimiento sostenible para la\u00a0industria a\u00e9rea<\/strong><\/p>\n<p>El Gobierno de\u00a0Estados Unidos\u00a0emiti\u00f3 una orden para revocar la aprobaci\u00f3n de 13 rutas a\u00e9reas:\u00a0<strong>dos de ellas vigentes desde el\u00a0Aeropuerto Internacional Felipe \u00c1ngeles\u00a0(AIFA), con efecto a partir del 7 de noviembre.<\/strong><\/p>\n<p>Asimismo como la cancelaci\u00f3n de<strong>\u00a011 rutas programadas para empezar a operar hacia Estados Unidos desde el AIFA y el\u00a0Aeropuerto Internacional Benito Ju\u00e1rez (AICM),\u00a0<\/strong>con efecto inmediato, lo anterior argumentando m\u00faltiples incumplimientos por parte de M\u00e9xico al Acuerdo de Transporte A\u00e9reo bilateral de 2015.<\/p>\n<p>Cabe destacar que el gobierno de M\u00e9xico mantiene comunicaci\u00f3n con autoridades de\u00a0<strong>Estados Unidos para aclarar el alcance de la medida y buscar mecanismos que permitan garantizar la continuidad del transporte a\u00e9reo sin afectar la competitividad del sector.<\/strong><\/p>\n<p>&nbsp;<\/p>\n<p>Fuente: ElUniversal<\/p>\n","protected":false},"excerpt":{"rendered":"<p>Ayer martes, el\u00a0gobierno de Estados Unidos emiti\u00f3 una orden para revocar la aprobaci\u00f3n de 13 rutas a\u00e9reas mexicanas, la\u00a0Secretar\u00eda de Comunicaciones y Transportes\u00a0(SICT)\u00a0inform\u00f3 que, de aplicarse la medida,\u00a0la prohibici\u00f3n entrar\u00e1 en vigor 108 d\u00edas h\u00e1biles posteriores a esa fecha, es decir,\u00a0tres meses despu\u00e9s.\u00a0 A trav\u00e9s de un comunicado, la dependencia indic\u00f3 que en caso de [&hellip;]<\/p>\n","protected":false},"author":2,"featured_media":233904,"comment_status":"closed","ping_status":"closed","sticky":false,"template":"","format":"standard","meta":{"footnotes":""},"categories":[12870,172],"tags":[12865,12874],"class_list":["post-233903","post","type-post","status-publish","format-standard","has-post-thumbnail","hentry","category-destacadas","category-nacional","tag-destacadas","tag-nacional"],"jetpack_featured_media_url":"https:\/\/rnoticias.com.mx\/Portal\/wp-content\/uploads\/2025\/10\/revocan-vuelos-dy-noticias-2025-10-28t193534400-1d0f3fd2-focus-0-0-1280-720.webp","amp_enabled":true,"_links":{"self":[{"href":"https:\/\/rnoticias.com.mx\/Portal\/wp-json\/wp\/v2\/posts\/233903","targetHints":{"allow":["GET"]}}],"collection":[{"href":"https:\/\/rnoticias.com.mx\/Portal\/wp-json\/wp\/v2\/posts"}],"about":[{"href":"https:\/\/rnoticias.com.mx\/Portal\/wp-json\/wp\/v2\/types\/post"}],"author":[{"embeddable":true,"href":"https:\/\/rnoticias.com.mx\/Portal\/wp-json\/wp\/v2\/users\/2"}],"replies":[{"embeddable":true,"href":"https:\/\/rnoticias.com.mx\/Portal\/wp-json\/wp\/v2\/comments?post=233903"}],"version-history":[{"count":1,"href":"https:\/\/rnoticias.com.mx\/Portal\/wp-json\/wp\/v2\/posts\/233903\/revisions"}],"predecessor-version":[{"id":233905,"href":"https:\/\/rnoticias.com.mx\/Portal\/wp-json\/wp\/v2\/posts\/233903\/revisions\/233905"}],"wp:featuredmedia":[{"embeddable":true,"href":"https:\/\/rnoticias.com.mx\/Portal\/wp-json\/wp\/v2\/media\/233904"}],"wp:attachment":[{"href":"https:\/\/rnoticias.com.mx\/Portal\/wp-json\/wp\/v2\/media?parent=233903"}],"wp:term":[{"taxonomy":"category","embeddable":true,"href":"https:\/\/rnoticias.com.mx\/Portal\/wp-json\/wp\/v2\/categories?post=233903"},{"taxonomy":"post_tag","embeddable":true,"href":"https:\/\/rnoticias.com.mx\/Portal\/wp-json\/wp\/v2\/tags?post=233903"}],"curies":[{"name":"wp","href":"https:\/\/api.w.org\/{rel}","templated":true}]}}