{"id":233900,"date":"2025-10-29T20:34:26","date_gmt":"2025-10-30T03:34:26","guid":{"rendered":"https:\/\/rnoticias.com.mx\/Portal\/?p=233900"},"modified":"2025-10-29T20:34:26","modified_gmt":"2025-10-30T03:34:26","slug":"credencializara-ine-sonora-a-personas-que-se-encuentran-en-prision-preventiva-asi-como-aquellas-con-sentencia-condenatoria","status":"publish","type":"post","link":"https:\/\/rnoticias.com.mx\/Portal\/2025\/10\/29\/credencializara-ine-sonora-a-personas-que-se-encuentran-en-prision-preventiva-asi-como-aquellas-con-sentencia-condenatoria\/","title":{"rendered":"Credencializar\u00e1 INE Sonora a personas que se encuentran en prisi\u00f3n preventiva, as\u00ed como aquellas con sentencia condenatoria."},"content":{"rendered":"<p class=\"x_MsoNormal\"><span data-olk-copy-source=\"MessageBody\">En cumplimiento a la sentencia SUP-REC-342\/2023 del Tribunal Electoral del Poder Judicial de la Federaci\u00f3n y para salvaguardar el derecho a la identidad de los ciudadanos, el 28 de agosto de 2025, el Consejo General del Instituto Nacional Electoral (INE) aprob\u00f3 por unanimidad los \u201cLineamientos para la credencializaci\u00f3n de personas privadas de la libertad\u201d.\u00a0<\/span><\/p>\n<p class=\"x_MsoNormal\">\n<p class=\"x_MsoNormal\">En el ordenamiento avalado, se establecieron los procedimientos y requisitos aplicables para la captaci\u00f3n de los tr\u00e1mites registrales que soliciten, por voluntad propia, las personas de nacionalidad mexicana que se encuentran en prisi\u00f3n preventiva, as\u00ed como aquellas con sentencia condenatoria.<\/p>\n<p class=\"x_MsoNormal\">\n<p class=\"x_MsoNormal\">En ese sentido, el INE en Sonora encabezado por Ver\u00f3nica Sandoval Casta\u00f1eda, Vocal Ejecutiva de la Junta Local Ejecutiva, en coordinaci\u00f3n con las y los vocales de las juntas distritales ejecutivas, iniciaron las visitas de capacitaci\u00f3n e informaci\u00f3n, entregando volante y solicitudes en los centros penitenciarios ubicados en San Luis R\u00edo Colorado, Nogales (Varonil y Femenil), Ciudad Obreg\u00f3n, Hermosillo \u00a0(dos centros) y Huatabampo. Informando entre otras cosas que, para facilitar el proceso de tramitaci\u00f3n de la credencial para votar, las personas privadas de la libertad podr\u00e1n designar a una persona (abogado, alg\u00fan familiar o alguna persona de su confianza) como \u201cEnlace\u201d de contacto ante el INE.<\/p>\n<p class=\"x_MsoNormal\">\n<p class=\"x_MsoNormal\">La solicitud podr\u00e1 ser presentada ante las Juntas Local o Distritales, con el prop\u00f3sito de realizar las gestiones necesarias ante el centro penitenciario que corresponda, para que alguno de los m\u00f3dulos de atenci\u00f3n ciudadana acuda a realizar el tr\u00e1mite al solicitante.<\/p>\n<p class=\"x_MsoNormal\">\n<p class=\"x_MsoNormal\">Para ello deber\u00e1n llenar un formato de solicitud o exhibir un escrito libre, presentar la Credencial para Votar de quien funge como enlace y los siguientes documentos de la persona privada de la libertad:<\/p>\n<ol start=\"1\" type=\"1\">\n<li class=\"x_MsoNormal\">Comprobante de nacionalidad mexicana (acta de nacimiento o carta de naturalizaci\u00f3n).<\/li>\n<li class=\"x_MsoNormal\">Comprobante de domicilio (podr\u00e1 optar por registrar la direcci\u00f3n del Centro Penitenciario, la entidad federativa y municipio de nacimiento o en caso de contar con un registro previo, podr\u00e1 solicitar que se mantenga el domicilio registrado).<\/li>\n<li class=\"x_MsoNormal\">Identificaci\u00f3n con fotograf\u00eda (<span lang=\"ES\">Las personas que no cuenten con una identificaci\u00f3n con fotograf\u00eda, podr\u00e1n identificarse con alguna de sus huellas dactilares o mediante la identificaci\u00f3n por su fotograf\u00eda, producto de la b\u00fasqueda e identificaci\u00f3n en la base de datos nacional del Padr\u00f3n Electoral, en caso de que se localice un registro previo).<\/span><\/li>\n<\/ol>\n<p class=\"x_MsoNormal\">\n<p class=\"x_MsoNormal\">La entrega de la credencial ser\u00e1 de manera directa y personal al titular. Sin embargo, dadas las condiciones particulares de esta poblaci\u00f3n, se prev\u00e9 que una vez entregada, la persona titular podr\u00e1 solicitar al INE su resguardo por hasta 10 a\u00f1os, es decir, por el tiempo de la vigencia de la credencial.<\/p>\n<p class=\"x_MsoNormal\">Para las personas en prisi\u00f3n preventiva, la Credencial para Votar podr\u00e1 ser utilizada para el ejercicio de sus derechos pol\u00edtico-electorales y como identificaci\u00f3n. En consecuencia, sus registros se mantendr\u00e1n en la base de datos del Padr\u00f3n Electoral y la Lista Nominal.<\/p>\n<p class=\"x_MsoNormal\">\n<p class=\"x_MsoNormal\">En cambio, para las personas que se encuentran cumpliendo una sentencia, la Credencial podr\u00e1 ser usada s\u00f3lo como identificaci\u00f3n y sus datos se mantendr\u00e1n en la base de datos del Padr\u00f3n Electoral, con el estatus de \u201csuspendida(o) en sus derechos pol\u00edtico-electorales\u201d.<\/p>\n<p class=\"x_MsoNormal\">\n<p class=\"x_MsoNormal\">Los Lineamientos tambi\u00e9n establecen que las solicitudes de tr\u00e1mites registrales que presenten las personas privadas de la libertad ante las oficinas del INE \u00fanicamente podr\u00e1n ser gestionadas para personas que se encuentran localizadas en aquellos Centros Penitenciarios que cuenten con un convenio de colaboraci\u00f3n vigente formalizado con el Instituto. El convenio deber\u00e1 establecer los mecanismos y las condiciones necesarias para garantizar la seguridad e integridad del personal del INE, as\u00ed como contar con la infraestructura y gobernabilidad viables para que se implementen durante la ejecuci\u00f3n de los tr\u00e1mites registrales correspondientes.<\/p>\n<p class=\"x_MsoNormal\">\n<p class=\"x_MsoNormal\">Sin embargo, en caso de que la persona privada de la libertad se encuentre en un Centro Penitenciario federal o estatal con el que no se cuente con convenio suscrito, de manera excepcional, el personal del INE podr\u00e1 verificar y, en su caso, concertar con el titular del Centro Penitenciario, que se re\u00fanan las condiciones de seguridad necesarias para realizar el tr\u00e1mite.<\/p>\n<p class=\"x_MsoNormal\">\n<p class=\"x_MsoNormal\">La credencializaci\u00f3n de las personas privadas de la libertad es fundamental no s\u00f3lo para que puedan ejercer sus derechos a la identidad y al voto, sino tambi\u00e9n para contribuir en su proceso de reinserci\u00f3n social.<\/p>\n","protected":false},"excerpt":{"rendered":"<p>En cumplimiento a la sentencia SUP-REC-342\/2023 del Tribunal Electoral del Poder Judicial de la Federaci\u00f3n y para salvaguardar el derecho a la identidad de los ciudadanos, el 28 de agosto de 2025, el Consejo General del Instituto Nacional Electoral (INE) aprob\u00f3 por unanimidad los \u201cLineamientos para la credencializaci\u00f3n de personas privadas de la libertad\u201d.\u00a0 En [&hellip;]<\/p>\n","protected":false},"author":2,"featured_media":233901,"comment_status":"closed","ping_status":"closed","sticky":false,"template":"","format":"standard","meta":{"footnotes":""},"categories":[12870,12868],"tags":[12865,12879],"class_list":["post-233900","post","type-post","status-publish","format-standard","has-post-thumbnail","hentry","category-destacadas","category-politica","tag-destacadas","tag-politica"],"jetpack_featured_media_url":"https:\/\/rnoticias.com.mx\/Portal\/wp-content\/uploads\/2025\/10\/Sonora-Bol-36-foto-1-Vocal-Ejecutiva-local-y-las-y-los-vocales-ejecutivos-y-el-Registro-Federal-de-Electores-de-JL-y-JDE-03-y-05-visista-CERESO-Hermosillo.jpg","amp_enabled":true,"_links":{"self":[{"href":"https:\/\/rnoticias.com.mx\/Portal\/wp-json\/wp\/v2\/posts\/233900","targetHints":{"allow":["GET"]}}],"collection":[{"href":"https:\/\/rnoticias.com.mx\/Portal\/wp-json\/wp\/v2\/posts"}],"about":[{"href":"https:\/\/rnoticias.com.mx\/Portal\/wp-json\/wp\/v2\/types\/post"}],"author":[{"embeddable":true,"href":"https:\/\/rnoticias.com.mx\/Portal\/wp-json\/wp\/v2\/users\/2"}],"replies":[{"embeddable":true,"href":"https:\/\/rnoticias.com.mx\/Portal\/wp-json\/wp\/v2\/comments?post=233900"}],"version-history":[{"count":1,"href":"https:\/\/rnoticias.com.mx\/Portal\/wp-json\/wp\/v2\/posts\/233900\/revisions"}],"predecessor-version":[{"id":233902,"href":"https:\/\/rnoticias.com.mx\/Portal\/wp-json\/wp\/v2\/posts\/233900\/revisions\/233902"}],"wp:featuredmedia":[{"embeddable":true,"href":"https:\/\/rnoticias.com.mx\/Portal\/wp-json\/wp\/v2\/media\/233901"}],"wp:attachment":[{"href":"https:\/\/rnoticias.com.mx\/Portal\/wp-json\/wp\/v2\/media?parent=233900"}],"wp:term":[{"taxonomy":"category","embeddable":true,"href":"https:\/\/rnoticias.com.mx\/Portal\/wp-json\/wp\/v2\/categories?post=233900"},{"taxonomy":"post_tag","embeddable":true,"href":"https:\/\/rnoticias.com.mx\/Portal\/wp-json\/wp\/v2\/tags?post=233900"}],"curies":[{"name":"wp","href":"https:\/\/api.w.org\/{rel}","templated":true}]}}