{"id":233860,"date":"2025-10-29T16:57:32","date_gmt":"2025-10-29T23:57:32","guid":{"rendered":"https:\/\/rnoticias.com.mx\/Portal\/?p=233860"},"modified":"2025-10-29T16:57:32","modified_gmt":"2025-10-29T23:57:32","slug":"debo-puedo-y-quiero-netflix-revela-el-alma-de-juan-gabriel","status":"publish","type":"post","link":"https:\/\/rnoticias.com.mx\/Portal\/2025\/10\/29\/debo-puedo-y-quiero-netflix-revela-el-alma-de-juan-gabriel\/","title":{"rendered":"&#8220;Debo, puedo y quiero&#8221;: Netflix revela el alma de Juan Gabriel"},"content":{"rendered":"<p><strong>El \u00edcono eterno de la m\u00fasica popular mexicana, Juan Gabriel \u2014el Divo de Ju\u00e1rez\u2014, regresa al centro de la conversaci\u00f3n\u00a0<\/strong>cultural con una propuesta distinta: un documental que ya no solo celebra su obra, sino que\u00a0<mark><strong>busca revelar al hombre detr\u00e1s del escenario, titulado &#8220;Juan Gabriel: Debo, Puedo y Quiero&#8221;.<\/strong><\/mark><\/p>\n<p><mark><strong>El nuevo proyecto de Netflix llega cargado de archivos in\u00e9ditos, material archivado por d\u00e9cadas y una narrativa introspectiva que se adentra en la vida de Alberto Aguilera Valadez\u00a0<\/strong><\/mark>\u2014su nombre original\u2014 para mostrar d\u00f3nde empieza el mito y d\u00f3nde emerge el ser humano. M\u00e1s que una biograf\u00eda musical, &#8220;Debo, Puedo y Quiero&#8221; es un viaje \u00edntimo por la memoria de Juan Gabriel.<\/p>\n<p><mark><strong>A lo largo de cuarenta a\u00f1os de grabaciones personales \u2014videos caseros, entrevistas nunca vistas, ensayos y llamadas telef\u00f3nicas<\/strong><\/mark>\u2014, el documental construye un retrato honesto y sin filtros de un artista que, aunque famoso por llenar estadios y romper r\u00e9cords de ventas, tambi\u00e9n enfrent\u00f3 derrotas, miedos y la fragilidad del \u00e9xito.<\/p>\n<p><strong>La direcci\u00f3n corre a cargo de Mar\u00eda Jos\u00e9 Cuevas, con\u00a0<\/strong><mark><strong>la producci\u00f3n de Laura Woldenberg e Ivonne Guti\u00e9rrez, y el respaldo de Netflix en colaboraci\u00f3n con la productora Mezcla.<\/strong><\/mark><strong>\u00a0<\/strong>La obra se basa casi por completo en el archivo personal del cantante: m\u00e1s de 2,000 cintas y miles de fotograf\u00edas que \u00e9l mismo guard\u00f3 a lo largo de su vida.<\/p>\n<p><mark><strong>&#8220;Para nosotras es un sue\u00f1o hecho realidad hacer este proyecto. Desde hace much\u00edsimos a\u00f1os quer\u00edamos contar la historia de Juan Gabriel<\/strong><\/mark>\u00a0y finalmente se pudo concretar a inicios de 2023, cuando pudimos presentar a la familia cu\u00e1l era la historia que quer\u00edamos contar, cu\u00e1l era el punto de vista que nos interesaba&#8221;,<strong>\u00a0comenta la directora Mar\u00eda Jos\u00e9 Cuevas, conversando con EL INFORMADOR.<\/strong><\/p>\n<p><mark><strong>&#8220;Eran dos cosas principales: por un lado, el legado de Juan Gabriel y que nuevas generaciones se puedan enamorar tanto como nosotras del artista; y por otro, conocer a la persona detr\u00e1s del \u00eddolo, Alberto Aguilera, que fue una persona muy privada durante toda su vida.\u00a0<\/strong><\/mark>Nos parec\u00eda que en una serie documental pod\u00edamos realmente entender qui\u00e9n era aquella persona para poder entender a Juan Gabriel&#8221;.<\/p>\n<p>&#8220;Todas sus canciones son autobiogr\u00e1ficas o la mayor\u00eda tienen que ver con las experiencias de vida de Alberto, y sent\u00edamos que ah\u00ed hab\u00eda algo muy valioso que contar desde su propio punto de vista, con todo el archivo que dej\u00f3 grabado durante cuatro d\u00e9cadas y que estuvo preservado en bodegas que ten\u00eda la familia&#8221;, explica la directora.\u00a0<mark><strong>&#8220;Cuando pudimos explicar a la familia lo que quer\u00edamos hacer y se gener\u00f3 ese lazo de confianza, poco a poco nos fueron abriendo las puertas de todos sus archivos y de esas bodegas que eran una mina de oro.\u00a0<\/strong><\/mark>Para cualquier documentalista, encontrarse con este archivo es realmente valioso, y ese fue el origen de esta serie que ahora pueden ver&#8221;.<\/p>\n<div><\/div>\n<h2>El hombre detr\u00e1s del mito<\/h2>\n<p>Para los fan\u00e1ticos de Juan Gabriel, esta serie ser\u00e1 un regalo.\u00a0<mark><strong>Por primera vez, podr\u00e1n ver al artista en su faceta m\u00e1s \u00edntima: entre bastidores, en su casa, reflexionando, ensayando o simplemente siendo Alberto.\u00a0<\/strong><\/mark><strong>Tambi\u00e9n se revelan aspectos poco conocidos de su vida, como su infancia dif\u00edcil en Michoac\u00e1n,<\/strong>\u00a0su paso por un internado o los primeros a\u00f1os en Ciudad Ju\u00e1rez, cuando so\u00f1aba con convertirse en cantante.<\/p>\n<p><mark><strong>El documental pone en tensi\u00f3n las dos caras del \u00eddolo: el Juan Gabriel p\u00fablico, luminoso y extravagante, y el hombre privado, sensible y vulnerable.\u00a0<\/strong><\/mark>Esa dualidad \u2014la del personaje y la persona\u2014 es el coraz\u00f3n emocional de esta serie, que muestra a un artista que supo transformar el dolor en arte, la soledad en melod\u00eda y la adversidad en una voz que a\u00fan conmueve a generaciones enteras.<\/p>\n<p><mark><strong>&#8220;La historia de Juan Gabriel es muy conocida, pero de Alberto Aguilera sab\u00edamos poco.\u00a0<\/strong><\/mark><strong>Fue una persona muy privada, pero parad\u00f3jicamente se grababa todo el tiempo&#8221;, cuenta la productora Laura Woldenberg.<\/strong>\u00a0&#8220;Definitivamente, esta es una nueva perspectiva de Alberto, el humano detr\u00e1s del personaje. Hay muchas cosas interesantes que ver\u00e1n en la serie. Algo destacable es su proceso creativo: fue un placer conocer c\u00f3mo se construyeron las canciones que hoy son himnos en M\u00e9xico.<\/p>\n<p><mark><strong>Guardaba sus cassettes de audio, grababa tarareos, ideas que se le ven\u00edan a la cabeza, frases escritas en papelitos que hoy reconocemos como letras ic\u00f3nicas.\u00a0<\/strong><\/mark>Ver c\u00f3mo trabajaba con los m\u00fasicos fue un deleite. Era un m\u00fasico nato, completamente intuitivo, sin formaci\u00f3n acad\u00e9mica, pero maravilloso. Ser testigos de ese proceso \u00edntimo, desde su espacio personal hasta el momento en que lo compart\u00eda con sus colaboradores, fue un absoluto privilegio&#8221;.<\/p>\n<p>&nbsp;<\/p>\n<h2>Una mirada nueva para una figura inmortal<\/h2>\n<p>El material del cual surgi\u00f3 el documental representa un tesoro audiovisual.\u00a0<mark><strong>A la directora y las productoras les fueron dadas m\u00e1s de 2 mil cintas que se traduc\u00edan en mil horas de contenido f\u00edsico m\u00e1s 200 terabytes\u00a0<\/strong><\/mark>de contenido digital,\u00a0<mark><strong>30 mil fotos en \u00e1lbumes, diapositivas, libretas, archivos de audio y videos en Betacam y VHS,<\/strong><\/mark>\u00a0lo cual represent\u00f3 todo un reto en la edici\u00f3n.<\/p>\n<p>&#8220;Desgraciadamente, hay cosas que se tienen que quedar fuera porque ser\u00eda imposible contarlo todo, pero creemos que lo que est\u00e1 en la serie es lo m\u00e1s valioso para narrar la vida y obra de Alberto Aguilera y de Juan Gabriel&#8221;, comparte la tambi\u00e9n productora Ivonne Guti\u00e9rrez.<\/p>\n<p>&#8220;Creo que el haber tenido acceso a esta joya de archivo que \u00e9l mismo registr\u00f3 desde los a\u00f1os setenta hasta 2016, cuando muere, fue una gran gu\u00eda de c\u00f3mo reinterpretar el archivo y c\u00f3mo presentarlo. Por supuesto, ten\u00edamos una l\u00ednea del tiempo de Juan Gabriel, de sus momentos m\u00e1s importantes en su historia, y esa fue un poco nuestra columna vertebral&#8221;, cuenta la directora Mar\u00eda Jos\u00e9 Cuevas.<\/p>\n<p>&#8220;Pero eso era lo que se ha narrado siempre.\u00a0<strong>Empezamos a encontrar que en el archivo estaba el alma y el coraz\u00f3n de las cosas.<\/strong>\u00a0<mark><strong>El archivo era el principal narrador, el que realmente develaba a estos dos personajes, al entrar en la intimidad de Alberto Aguilera&#8221;.<\/strong><\/mark><\/p>\n<p>&#8220;En sus videos caseros,<mark><strong>\u00a0en sus videos m\u00e1s cotidianos, pudimos conocer y entender la grandeza de Juan Gabriel.\u00a0<\/strong><\/mark>No nos perd\u00edamos en el camino porque ten\u00edamos una columna vertebral, pero aqu\u00ed era armar el rompecabezas para ir explotando esta maravilla de escenas que a nosotras mismas nos maravillaba ver. Nos sent\u00edamos como esp\u00edas, como voyeuristas viendo este material&#8221;, finaliz\u00f3.<\/p>\n<p>&nbsp;<\/p>\n<h2>Estreno mundial de &#8220;Juan Gabriel: Debo, Puedo y Quiero&#8221;<\/h2>\n<p>Incluso despu\u00e9s de su partida, Juan Gabriel sigue dando de qu\u00e9 hablar.<strong>\u00a0Su m\u00fasica forma parte del ADN emocional de M\u00e9xico:\u00a0<\/strong><mark><strong>cientos de canciones que han trascendido generaciones, desde &#8220;Querida&#8221; hasta &#8220;Amor eterno&#8221;. Sin embargo, lo que lo hace eterno no es solo su talento, sino su autenticidad.<\/strong><\/mark>\u00a0&#8220;Debo, Puedo y Quiero&#8221; propone una mirada diferente, menos dorada y m\u00e1s humana, y confirma que su legado no se agota en sus canciones: vive tambi\u00e9n en su historia, en su fuerza, en su capacidad de inspirar.<\/p>\n<p><mark><strong>&#8220;Juan Gabriel: Debo, Puedo y Quiero&#8221; se estrenar\u00e1 el 30 de octubre de 2025 en Netflix,\u00a0<\/strong><\/mark><strong>con cuatro episodios que explorar\u00e1n distintas etapas de su vida y su carrera.<\/strong>\u00a0La serie promete convertirse en un acontecimiento cultural, una oportunidad para redescubrir a uno de los artistas m\u00e1s importantes de M\u00e9xico y de toda Am\u00e9rica Latina.<\/p>\n<p>&nbsp;<\/p>\n<p>Fuente: El Informador<\/p>\n","protected":false},"excerpt":{"rendered":"<p>El \u00edcono eterno de la m\u00fasica popular mexicana, Juan Gabriel \u2014el Divo de Ju\u00e1rez\u2014, regresa al centro de la conversaci\u00f3n\u00a0cultural con una propuesta distinta: un documental que ya no solo celebra su obra, sino que\u00a0busca revelar al hombre detr\u00e1s del escenario, titulado &#8220;Juan Gabriel: Debo, Puedo y Quiero&#8221;. El nuevo proyecto de Netflix llega cargado [&hellip;]<\/p>\n","protected":false},"author":2,"featured_media":233861,"comment_status":"closed","ping_status":"closed","sticky":false,"template":"","format":"standard","meta":{"footnotes":""},"categories":[12870,219],"tags":[12865,12875],"class_list":["post-233860","post","type-post","status-publish","format-standard","has-post-thumbnail","hentry","category-destacadas","category-espectaculos","tag-destacadas","tag-espectaculos"],"jetpack_featured_media_url":"https:\/\/rnoticias.com.mx\/Portal\/wp-content\/uploads\/2025\/10\/Netflix-presenta-Juan-Gabriel-Debo-Puedo-y-Quiero.webp","amp_enabled":true,"_links":{"self":[{"href":"https:\/\/rnoticias.com.mx\/Portal\/wp-json\/wp\/v2\/posts\/233860","targetHints":{"allow":["GET"]}}],"collection":[{"href":"https:\/\/rnoticias.com.mx\/Portal\/wp-json\/wp\/v2\/posts"}],"about":[{"href":"https:\/\/rnoticias.com.mx\/Portal\/wp-json\/wp\/v2\/types\/post"}],"author":[{"embeddable":true,"href":"https:\/\/rnoticias.com.mx\/Portal\/wp-json\/wp\/v2\/users\/2"}],"replies":[{"embeddable":true,"href":"https:\/\/rnoticias.com.mx\/Portal\/wp-json\/wp\/v2\/comments?post=233860"}],"version-history":[{"count":1,"href":"https:\/\/rnoticias.com.mx\/Portal\/wp-json\/wp\/v2\/posts\/233860\/revisions"}],"predecessor-version":[{"id":233862,"href":"https:\/\/rnoticias.com.mx\/Portal\/wp-json\/wp\/v2\/posts\/233860\/revisions\/233862"}],"wp:featuredmedia":[{"embeddable":true,"href":"https:\/\/rnoticias.com.mx\/Portal\/wp-json\/wp\/v2\/media\/233861"}],"wp:attachment":[{"href":"https:\/\/rnoticias.com.mx\/Portal\/wp-json\/wp\/v2\/media?parent=233860"}],"wp:term":[{"taxonomy":"category","embeddable":true,"href":"https:\/\/rnoticias.com.mx\/Portal\/wp-json\/wp\/v2\/categories?post=233860"},{"taxonomy":"post_tag","embeddable":true,"href":"https:\/\/rnoticias.com.mx\/Portal\/wp-json\/wp\/v2\/tags?post=233860"}],"curies":[{"name":"wp","href":"https:\/\/api.w.org\/{rel}","templated":true}]}}