{"id":233857,"date":"2025-10-29T16:54:32","date_gmt":"2025-10-29T23:54:32","guid":{"rendered":"https:\/\/rnoticias.com.mx\/Portal\/?p=233857"},"modified":"2025-10-29T16:54:32","modified_gmt":"2025-10-29T23:54:32","slug":"mas-de-460-personas-fueron-asesinadas-dentro-de-hospital-de-sudan-denuncia-oms","status":"publish","type":"post","link":"https:\/\/rnoticias.com.mx\/Portal\/2025\/10\/29\/mas-de-460-personas-fueron-asesinadas-dentro-de-hospital-de-sudan-denuncia-oms\/","title":{"rendered":"M\u00e1s de 460 personas fueron asesinadas dentro de hospital de Sud\u00e1n, denuncia OMS"},"content":{"rendered":"<p><strong>M\u00e1s de 460 pacientes y acompa\u00f1antes<\/strong>\u00a0fueron\u00a0<strong>asesinados\u00a0<\/strong>en un\u00a0<strong>ataque al Hospital Materno Saud\u00ed de Al Fasher,<\/strong>\u00a0la ciudad del norte de Darfur (<strong>Sud\u00e1n<\/strong>) tomada por las paramilitares Fuerzas de Apoyo R\u00e1pido (FAR) el pasado fin de semana, denunci\u00f3 este mi\u00e9rcoles la Organizaci\u00f3n Mundial de la Salud (OMS).<\/p>\n<p>El director general de la agencia sanitaria de la ONU, Tedros Adhanom Ghebreyesus, se\u00f1al\u00f3 en su cuenta oficial en X que l<strong>a organizaci\u00f3n est\u00e1 &#8220;horrorizada y profundamente conmocionada&#8221;\u00a0<\/strong>por estas muertes, que se producen despu\u00e9s de que se denunciaran en el lugar otros ataques y detenciones de trabajadores sanitarios.<\/p>\n<p>En los dos a\u00f1os y medio de conflicto entre Ej\u00e9rcito y las FAR, la OMS ha verificado al menos\u00a0<strong>185 ataques contra la red sanitaria<\/strong>\u00a0sudanesa, con 1.204 muertos y 416 heridos, incluyendo pacientes y trabajadores sanitarios.<\/p>\n<p>Estos ataques &#8220;deben detenerse de forma inmediata e incondicional, y todos los pacientes, trabajadores de la salud e instalaciones sanitarias deben ser protegidos por el derecho internacional humanitario&#8221;, subray\u00f3 Tedros en X.<\/p>\n<p>&nbsp;<\/p>\n<p>Fuente: EFE<\/p>\n","protected":false},"excerpt":{"rendered":"<p>M\u00e1s de 460 pacientes y acompa\u00f1antes\u00a0fueron\u00a0asesinados\u00a0en un\u00a0ataque al Hospital Materno Saud\u00ed de Al Fasher,\u00a0la ciudad del norte de Darfur (Sud\u00e1n) tomada por las paramilitares Fuerzas de Apoyo R\u00e1pido (FAR) el pasado fin de semana, denunci\u00f3 este mi\u00e9rcoles la Organizaci\u00f3n Mundial de la Salud (OMS). El director general de la agencia sanitaria de la ONU, Tedros [&hellip;]<\/p>\n","protected":false},"author":2,"featured_media":233858,"comment_status":"closed","ping_status":"closed","sticky":false,"template":"","format":"standard","meta":{"footnotes":""},"categories":[12870,182],"tags":[12865,12871],"class_list":["post-233857","post","type-post","status-publish","format-standard","has-post-thumbnail","hentry","category-destacadas","category-internacional","tag-destacadas","tag-internacional"],"jetpack_featured_media_url":"https:\/\/rnoticias.com.mx\/Portal\/wp-content\/uploads\/2025\/10\/msb205049_medium.webp","amp_enabled":true,"_links":{"self":[{"href":"https:\/\/rnoticias.com.mx\/Portal\/wp-json\/wp\/v2\/posts\/233857","targetHints":{"allow":["GET"]}}],"collection":[{"href":"https:\/\/rnoticias.com.mx\/Portal\/wp-json\/wp\/v2\/posts"}],"about":[{"href":"https:\/\/rnoticias.com.mx\/Portal\/wp-json\/wp\/v2\/types\/post"}],"author":[{"embeddable":true,"href":"https:\/\/rnoticias.com.mx\/Portal\/wp-json\/wp\/v2\/users\/2"}],"replies":[{"embeddable":true,"href":"https:\/\/rnoticias.com.mx\/Portal\/wp-json\/wp\/v2\/comments?post=233857"}],"version-history":[{"count":1,"href":"https:\/\/rnoticias.com.mx\/Portal\/wp-json\/wp\/v2\/posts\/233857\/revisions"}],"predecessor-version":[{"id":233859,"href":"https:\/\/rnoticias.com.mx\/Portal\/wp-json\/wp\/v2\/posts\/233857\/revisions\/233859"}],"wp:featuredmedia":[{"embeddable":true,"href":"https:\/\/rnoticias.com.mx\/Portal\/wp-json\/wp\/v2\/media\/233858"}],"wp:attachment":[{"href":"https:\/\/rnoticias.com.mx\/Portal\/wp-json\/wp\/v2\/media?parent=233857"}],"wp:term":[{"taxonomy":"category","embeddable":true,"href":"https:\/\/rnoticias.com.mx\/Portal\/wp-json\/wp\/v2\/categories?post=233857"},{"taxonomy":"post_tag","embeddable":true,"href":"https:\/\/rnoticias.com.mx\/Portal\/wp-json\/wp\/v2\/tags?post=233857"}],"curies":[{"name":"wp","href":"https:\/\/api.w.org\/{rel}","templated":true}]}}