{"id":233851,"date":"2025-10-29T16:51:51","date_gmt":"2025-10-29T23:51:51","guid":{"rendered":"https:\/\/rnoticias.com.mx\/Portal\/?p=233851"},"modified":"2025-10-29T16:58:57","modified_gmt":"2025-10-29T23:58:57","slug":"bajaran-ligeramente-temperaturas-por-llegada-del-frente-frio-numero-11-en-sonora","status":"publish","type":"post","link":"https:\/\/rnoticias.com.mx\/Portal\/2025\/10\/29\/bajaran-ligeramente-temperaturas-por-llegada-del-frente-frio-numero-11-en-sonora\/","title":{"rendered":"Bajar\u00e1n ligeramente temperaturas por llegada del frente fr\u00edo n\u00famero 11 en Sonora"},"content":{"rendered":"<p>Hermosillo, Sonora. El arribo del frente fr\u00edo n\u00famero 11 provocar\u00e1 un leve descenso en las temperaturas en Sonora durante los pr\u00f3ximos d\u00edas, inform\u00f3 Gilberto Lagarda V\u00e1zquez, especialista t\u00e9cnico de la Comisi\u00f3n Nacional del Agua (Conagua).<\/p>\n<p>&nbsp;<\/p>\n<p>Explic\u00f3 que el sistema avanza hacia el noreste del pa\u00eds, pero alcanzar\u00e1 al estado con una disminuci\u00f3n moderada de entre tres y cuatro grados.<\/p>\n<p>&nbsp;<\/p>\n<p>Detall\u00f3 que los primeros efectos se sentir\u00e1n en la zona norte durante la tarde o noche de este mi\u00e9rcoles, extendi\u00e9ndose el jueves al resto del territorio sonorense.<\/p>\n<p>&nbsp;<\/p>\n<p>\u201cNo se esperan temperaturas fr\u00edas, pero s\u00ed un ambiente m\u00e1s fresco, especialmente por las ma\u00f1anas, mientras que las m\u00e1ximas bajar\u00e1n ligeramente\u201d, coment\u00f3.<\/p>\n<p>&nbsp;<\/p>\n<p>El especialista indic\u00f3 que no se prev\u00e9n lluvias ni vientos fuertes debido a la presencia de un sistema anticicl\u00f3nico que limita los efectos del frente. En ciudades como Hermosillo, las temperaturas m\u00e1s altas pasar\u00e1n de 38 a alrededor de 34 grados.<\/p>\n<p>&nbsp;<\/p>\n<p>Finalmente, Lagarda V\u00e1zquez, a\u00f1adi\u00f3 que el oc\u00e9ano Pac\u00edfico se mantiene estable, con la tormenta \u201cSonia\u201d en proceso de disipaci\u00f3n, y descart\u00f3 la llegada de nuevos frentes fr\u00edos en lo que resta de la semana.<\/p>\n<p>&nbsp;<\/p>\n","protected":false},"excerpt":{"rendered":"<p>Hermosillo, Sonora. El arribo del frente fr\u00edo n\u00famero 11 provocar\u00e1 un leve descenso en las temperaturas en Sonora durante los pr\u00f3ximos d\u00edas, inform\u00f3 Gilberto Lagarda V\u00e1zquez, especialista t\u00e9cnico de la Comisi\u00f3n Nacional del Agua (Conagua). &nbsp; Explic\u00f3 que el sistema avanza hacia el noreste del pa\u00eds, pero alcanzar\u00e1 al estado con una disminuci\u00f3n moderada de [&hellip;]<\/p>\n","protected":false},"author":2,"featured_media":233852,"comment_status":"closed","ping_status":"closed","sticky":false,"template":"","format":"standard","meta":{"footnotes":""},"categories":[12870,178],"tags":[12865,12869],"class_list":["post-233851","post","type-post","status-publish","format-standard","has-post-thumbnail","hentry","category-destacadas","category-local","tag-destacadas","tag-local"],"jetpack_featured_media_url":"https:\/\/rnoticias.com.mx\/Portal\/wp-content\/uploads\/2025\/10\/foto-del-cerro-de-la-campana-nublado-en-hermosillo-9d490909.jpg","amp_enabled":true,"_links":{"self":[{"href":"https:\/\/rnoticias.com.mx\/Portal\/wp-json\/wp\/v2\/posts\/233851","targetHints":{"allow":["GET"]}}],"collection":[{"href":"https:\/\/rnoticias.com.mx\/Portal\/wp-json\/wp\/v2\/posts"}],"about":[{"href":"https:\/\/rnoticias.com.mx\/Portal\/wp-json\/wp\/v2\/types\/post"}],"author":[{"embeddable":true,"href":"https:\/\/rnoticias.com.mx\/Portal\/wp-json\/wp\/v2\/users\/2"}],"replies":[{"embeddable":true,"href":"https:\/\/rnoticias.com.mx\/Portal\/wp-json\/wp\/v2\/comments?post=233851"}],"version-history":[{"count":1,"href":"https:\/\/rnoticias.com.mx\/Portal\/wp-json\/wp\/v2\/posts\/233851\/revisions"}],"predecessor-version":[{"id":233853,"href":"https:\/\/rnoticias.com.mx\/Portal\/wp-json\/wp\/v2\/posts\/233851\/revisions\/233853"}],"wp:featuredmedia":[{"embeddable":true,"href":"https:\/\/rnoticias.com.mx\/Portal\/wp-json\/wp\/v2\/media\/233852"}],"wp:attachment":[{"href":"https:\/\/rnoticias.com.mx\/Portal\/wp-json\/wp\/v2\/media?parent=233851"}],"wp:term":[{"taxonomy":"category","embeddable":true,"href":"https:\/\/rnoticias.com.mx\/Portal\/wp-json\/wp\/v2\/categories?post=233851"},{"taxonomy":"post_tag","embeddable":true,"href":"https:\/\/rnoticias.com.mx\/Portal\/wp-json\/wp\/v2\/tags?post=233851"}],"curies":[{"name":"wp","href":"https:\/\/api.w.org\/{rel}","templated":true}]}}