{"id":233848,"date":"2025-10-29T16:34:19","date_gmt":"2025-10-29T23:34:19","guid":{"rendered":"https:\/\/rnoticias.com.mx\/Portal\/?p=233848"},"modified":"2025-10-29T16:34:19","modified_gmt":"2025-10-29T23:34:19","slug":"aplican-sancion-administrativa-por-danos-a-parada-de-transporte-de-gobierno-municipal","status":"publish","type":"post","link":"https:\/\/rnoticias.com.mx\/Portal\/2025\/10\/29\/aplican-sancion-administrativa-por-danos-a-parada-de-transporte-de-gobierno-municipal\/","title":{"rendered":"Aplican sanci\u00f3n administrativa por da\u00f1os a parada de transporte de Gobierno Municipal"},"content":{"rendered":"<p><b data-olk-copy-source=\"MessageBody\">Hermosillo, Sonora. 29 octubre de 2025.-\u00a0<\/b>Para mantener la infraestructura de la ciudad en buenas condiciones que es de todas y todos, la Agencia Municipal de Energ\u00eda y Cambio Clim\u00e1tico denunci\u00f3 da\u00f1os en una de las paradas ubicada en la colonia Mariachi, misma que concluy\u00f3 en una sanci\u00f3n administrativa.<\/p>\n<p>Carla Neudert C\u00f3rdova, titular de la Agencia de Energ\u00eda, explic\u00f3 que al detectar grafiti en las instalaciones procedieron a investigar el hecho y al revisar las grabaciones de las c\u00e1maras en dichas instalaciones lograron ubicar al presunto responsable.<\/p>\n<p>Al confirmar el hecho se denunci\u00f3 ante el Juzgado C\u00edvico lo que concluy\u00f3 en un acta en la que se hace constar la violaci\u00f3n al art\u00edculo 143 fracci\u00f3n IV del Bando de Polic\u00eda y Buen Gobierno, que consiste en la prohibici\u00f3n para da\u00f1ar instalaciones p\u00fablicas como rayar, pintar o raspar las mismas, y en la que las partes llegan al acuerdo del resarcimiento de la falta mediante trabajo comunitario.<\/p>\n<p>Neudert C\u00f3rdova insisti\u00f3 en el llamado a cuidar de las paradas refrigeradas, y a colaborar con el Gobierno Municipal denunciando el mal uso de las instalaciones al tel\u00e9fono 662 220 0093.<\/p>\n","protected":false},"excerpt":{"rendered":"<p>Hermosillo, Sonora. 29 octubre de 2025.-\u00a0Para mantener la infraestructura de la ciudad en buenas condiciones que es de todas y todos, la Agencia Municipal de Energ\u00eda y Cambio Clim\u00e1tico denunci\u00f3 da\u00f1os en una de las paradas ubicada en la colonia Mariachi, misma que concluy\u00f3 en una sanci\u00f3n administrativa. Carla Neudert C\u00f3rdova, titular de la Agencia [&hellip;]<\/p>\n","protected":false},"author":2,"featured_media":233849,"comment_status":"closed","ping_status":"closed","sticky":false,"template":"","format":"standard","meta":{"footnotes":""},"categories":[12870,178],"tags":[12865,12869],"class_list":["post-233848","post","type-post","status-publish","format-standard","has-post-thumbnail","hentry","category-destacadas","category-local","tag-destacadas","tag-local"],"jetpack_featured_media_url":"https:\/\/rnoticias.com.mx\/Portal\/wp-content\/uploads\/2025\/10\/23w.jpeg","amp_enabled":true,"_links":{"self":[{"href":"https:\/\/rnoticias.com.mx\/Portal\/wp-json\/wp\/v2\/posts\/233848","targetHints":{"allow":["GET"]}}],"collection":[{"href":"https:\/\/rnoticias.com.mx\/Portal\/wp-json\/wp\/v2\/posts"}],"about":[{"href":"https:\/\/rnoticias.com.mx\/Portal\/wp-json\/wp\/v2\/types\/post"}],"author":[{"embeddable":true,"href":"https:\/\/rnoticias.com.mx\/Portal\/wp-json\/wp\/v2\/users\/2"}],"replies":[{"embeddable":true,"href":"https:\/\/rnoticias.com.mx\/Portal\/wp-json\/wp\/v2\/comments?post=233848"}],"version-history":[{"count":1,"href":"https:\/\/rnoticias.com.mx\/Portal\/wp-json\/wp\/v2\/posts\/233848\/revisions"}],"predecessor-version":[{"id":233850,"href":"https:\/\/rnoticias.com.mx\/Portal\/wp-json\/wp\/v2\/posts\/233848\/revisions\/233850"}],"wp:featuredmedia":[{"embeddable":true,"href":"https:\/\/rnoticias.com.mx\/Portal\/wp-json\/wp\/v2\/media\/233849"}],"wp:attachment":[{"href":"https:\/\/rnoticias.com.mx\/Portal\/wp-json\/wp\/v2\/media?parent=233848"}],"wp:term":[{"taxonomy":"category","embeddable":true,"href":"https:\/\/rnoticias.com.mx\/Portal\/wp-json\/wp\/v2\/categories?post=233848"},{"taxonomy":"post_tag","embeddable":true,"href":"https:\/\/rnoticias.com.mx\/Portal\/wp-json\/wp\/v2\/tags?post=233848"}],"curies":[{"name":"wp","href":"https:\/\/api.w.org\/{rel}","templated":true}]}}