{"id":233845,"date":"2025-10-29T16:33:40","date_gmt":"2025-10-29T23:33:40","guid":{"rendered":"https:\/\/rnoticias.com.mx\/Portal\/?p=233845"},"modified":"2025-10-29T16:33:40","modified_gmt":"2025-10-29T23:33:40","slug":"reconoce-tono-astiazaran-a-17-leyendas-del-deporte-en-el-salon-de-la-fama-del-deportista-hermosillense","status":"publish","type":"post","link":"https:\/\/rnoticias.com.mx\/Portal\/2025\/10\/29\/reconoce-tono-astiazaran-a-17-leyendas-del-deporte-en-el-salon-de-la-fama-del-deportista-hermosillense\/","title":{"rendered":"Reconoce To\u00f1o Astiazar\u00e1n a 17 leyendas del deporte en el Sal\u00f3n de la Fama del Deportista Hermosillense"},"content":{"rendered":"<p><b data-olk-copy-source=\"MessageBody\">Hermosillo, Sonora; 29 de octubre de 2025.-<\/b>\u00a0El presidente municipal, Antonio Astiazar\u00e1n Guti\u00e9rrez, encabez\u00f3 la ceremonia \u201cBienvenido a casa\u201d, en la que el Ayuntamiento de Hermosillo, a trav\u00e9s del Instituto del Deporte, rindi\u00f3 homenaje a 17 deportistas entronizados que ahora estar\u00e1n en el Sal\u00f3n de la Fama del Deportista Hermosillense, como reconocimiento a su trayectoria y aportaci\u00f3n al deporte local.<\/p>\n<p>El evento se llev\u00f3 a cabo en el Gimnasio Sergio Maldonado Cota, donde To\u00f1o Astiazar\u00e1n entreg\u00f3 placas conmemorativas a los galardonados o a familiares de quienes ya fallecieron, en un acto de gratitud y respeto por su legado.<\/p>\n<p>\u201cYo celebro que estos 17 mujeres y hombres que hoy se incorporan en este programa Bienvenido a casa, que es la segunda edici\u00f3n que ya hacemos en el Instituto de Deporte de Hermosillo, con el cual podamos encontrar a muchas mujeres y hombres que nos han llenado de gloria, pero que adem\u00e1s servir\u00e1n para inspirar a generaciones actuales y generaciones futuras de nuestra ciudad\u201d, expres\u00f3 Astiazar\u00e1n Guti\u00e9rrez.<\/p>\n<p>Estuvo acompa\u00f1ado por Rafael Cruz Flores, director del Instituto del Deporte de Hermosillo; Francisco Vega Gonz\u00e1lez, presidente del Consejo Directivo del Sal\u00f3n de la Fama; la regidora Dulce Robles; y Francisco Abraham Aguayo Garc\u00eda, quien habl\u00f3 en representaci\u00f3n de los entronizados.<\/p>\n<p>\u201cA las nuevas generaciones les transmito el gran orgullo que significa trascender al formar parte del Sal\u00f3n de la Fama del Deportista Hermosillense, esperando que muchos de ustedes, en base a su esfuerzo y dedicaci\u00f3n se hagan merecedores de tal distinci\u00f3n, viva el deporte y viva nuestra ciudad\u201d, manifest\u00f3 Aguayo Garc\u00eda.<\/p>\n<p>Durante la ceremonia se record\u00f3 a figuras destacadas que han dejado huella en distintas disciplinas, quienes ahora cuentan con su placa instalada en el recinto del deporte hermosillense.<\/p>\n<p>El evento cont\u00f3 con la presencia de familiares, amigos, autoridades deportivas y representantes de distintas ligas y asociaciones, quienes reconocieron el esfuerzo y la historia de cada uno de los homenajeados.<\/p>\n<p>Personas bienvenidas al Sal\u00f3n de la Fama del Deportista Hermosillense:<\/p>\n<p>&#8211; Ren\u00e9 Morera Huerta<br \/>\n&#8211; Dr. Gabriel Mu\u00f1oz Milhe<br \/>\n&#8211; Alfonso de la Fuente Contreras<br \/>\n&#8211; Miguel \u00c1ngel Tapia Grijalva<br \/>\n&#8211; Arturo Pelayo Le\u00f3n<br \/>\n&#8211; Jes\u00fas Armando Quijada B\u00f3rquez<br \/>\n&#8211; Jes\u00fas Llanes Serrano<br \/>\n&#8211; Sergio Maldonado Cota<br \/>\n&#8211; Alfonso Romero Huerta<br \/>\n&#8211; Manuel Alejandro C\u00e1rdenas Robles<br \/>\n&#8211; Eleuterio Torres Rodr\u00edguez<br \/>\n&#8211; Eugenio Caire Huerta<br \/>\n&#8211; Luis Roberto C\u00e1rdenas Glez.<br \/>\n&#8211; Karla Araiza Valdez<br \/>\n&#8211; Nicol\u00e1s Andrade Parada<br \/>\n&#8211; Jes\u00fas Arturo Llanes Camacho<br \/>\n&#8211; Francisco Abraham Aguayo G.<\/p>\n<div><\/div>\n","protected":false},"excerpt":{"rendered":"<p>Hermosillo, Sonora; 29 de octubre de 2025.-\u00a0El presidente municipal, Antonio Astiazar\u00e1n Guti\u00e9rrez, encabez\u00f3 la ceremonia \u201cBienvenido a casa\u201d, en la que el Ayuntamiento de Hermosillo, a trav\u00e9s del Instituto del Deporte, rindi\u00f3 homenaje a 17 deportistas entronizados que ahora estar\u00e1n en el Sal\u00f3n de la Fama del Deportista Hermosillense, como reconocimiento a su trayectoria y [&hellip;]<\/p>\n","protected":false},"author":2,"featured_media":233846,"comment_status":"closed","ping_status":"closed","sticky":false,"template":"","format":"standard","meta":{"footnotes":""},"categories":[188,12870],"tags":[5231,12865],"class_list":["post-233845","post","type-post","status-publish","format-standard","has-post-thumbnail","hentry","category-deportes","category-destacadas","tag-deportes","tag-destacadas"],"jetpack_featured_media_url":"https:\/\/rnoticias.com.mx\/Portal\/wp-content\/uploads\/2025\/10\/288.jpg","amp_enabled":true,"_links":{"self":[{"href":"https:\/\/rnoticias.com.mx\/Portal\/wp-json\/wp\/v2\/posts\/233845","targetHints":{"allow":["GET"]}}],"collection":[{"href":"https:\/\/rnoticias.com.mx\/Portal\/wp-json\/wp\/v2\/posts"}],"about":[{"href":"https:\/\/rnoticias.com.mx\/Portal\/wp-json\/wp\/v2\/types\/post"}],"author":[{"embeddable":true,"href":"https:\/\/rnoticias.com.mx\/Portal\/wp-json\/wp\/v2\/users\/2"}],"replies":[{"embeddable":true,"href":"https:\/\/rnoticias.com.mx\/Portal\/wp-json\/wp\/v2\/comments?post=233845"}],"version-history":[{"count":1,"href":"https:\/\/rnoticias.com.mx\/Portal\/wp-json\/wp\/v2\/posts\/233845\/revisions"}],"predecessor-version":[{"id":233847,"href":"https:\/\/rnoticias.com.mx\/Portal\/wp-json\/wp\/v2\/posts\/233845\/revisions\/233847"}],"wp:featuredmedia":[{"embeddable":true,"href":"https:\/\/rnoticias.com.mx\/Portal\/wp-json\/wp\/v2\/media\/233846"}],"wp:attachment":[{"href":"https:\/\/rnoticias.com.mx\/Portal\/wp-json\/wp\/v2\/media?parent=233845"}],"wp:term":[{"taxonomy":"category","embeddable":true,"href":"https:\/\/rnoticias.com.mx\/Portal\/wp-json\/wp\/v2\/categories?post=233845"},{"taxonomy":"post_tag","embeddable":true,"href":"https:\/\/rnoticias.com.mx\/Portal\/wp-json\/wp\/v2\/tags?post=233845"}],"curies":[{"name":"wp","href":"https:\/\/api.w.org\/{rel}","templated":true}]}}