{"id":233839,"date":"2025-10-29T16:29:09","date_gmt":"2025-10-29T23:29:09","guid":{"rendered":"https:\/\/rnoticias.com.mx\/Portal\/?p=233839"},"modified":"2025-10-29T16:29:09","modified_gmt":"2025-10-29T23:29:09","slug":"no-va-mas-fernando-gago-no-seguira-con-necaxa","status":"publish","type":"post","link":"https:\/\/rnoticias.com.mx\/Portal\/2025\/10\/29\/no-va-mas-fernando-gago-no-seguira-con-necaxa\/","title":{"rendered":"\u00a1No va m\u00e1s! Fernando Gago no seguir\u00e1 con Necaxa"},"content":{"rendered":"<p><strong>La novela de Fernando Gago con Necaxa llegar\u00e1 a su fin una vez que termine la participaci\u00f3n del equipo en el Apertura 2025,\u00a0<\/strong>apenas unos meses despu\u00e9s de haber sido contratado tras la salida de Nicol\u00e1s Larcam\u00f3n.<\/p>\n<p>El t\u00e9cnico argentino lleg\u00f3 al conjunto de los Rayos luego de su fallido paso por Boca Juniors y, antes de eso, de dejar a Chivas de Guadalajara a mitad de torneo. Por ello, su regreso al balompi\u00e9 mexicano fue muy criticado, tanto por aficionados como por especialistas.<\/p>\n<p>Ahora,\u00a0<strong>con la clasificaci\u00f3n a la Liguilla pr\u00e1cticamente descartada, la directiva del Necaxa ha decidido no continuar con el proyecto de Gago para la pr\u00f3xima temporada.\u00a0<\/strong>Su \u00faltimo partido como timonel de los hidroc\u00e1lidos ser\u00e1 en la jornada 17 ante Mazatl\u00e1n.<\/p>\n<p>Incluso, de acuerdo con informaci\u00f3n de Carlos Ponce de Le\u00f3n,\u00a0<strong>Necaxa ya tendr\u00eda un acuerdo de palabra con Mart\u00edn Varini, actual t\u00e9cnico de FC Ju\u00e1rez, quien llev\u00f3 a los Bravos al play-in la temporada pasada y que en la presente a\u00fan se mantiene en la contienda.<\/strong><\/p>\n<p>&nbsp;<\/p>\n<p>&nbsp;<\/p>\n<p>Fuente: R\u00e9cord<\/p>\n","protected":false},"excerpt":{"rendered":"<p>La novela de Fernando Gago con Necaxa llegar\u00e1 a su fin una vez que termine la participaci\u00f3n del equipo en el Apertura 2025,\u00a0apenas unos meses despu\u00e9s de haber sido contratado tras la salida de Nicol\u00e1s Larcam\u00f3n. El t\u00e9cnico argentino lleg\u00f3 al conjunto de los Rayos luego de su fallido paso por Boca Juniors y, antes [&hellip;]<\/p>\n","protected":false},"author":2,"featured_media":233840,"comment_status":"closed","ping_status":"closed","sticky":false,"template":"","format":"standard","meta":{"footnotes":""},"categories":[188,12870],"tags":[5231,12865],"class_list":["post-233839","post","type-post","status-publish","format-standard","has-post-thumbnail","hentry","category-deportes","category-destacadas","tag-deportes","tag-destacadas"],"jetpack_featured_media_url":"https:\/\/rnoticias.com.mx\/Portal\/wp-content\/uploads\/2025\/10\/Necaxa-llega-a-un-acuerdo-con-Fernando-Gago-para-que-sea-su-nuevo-tecnico_FOTO-MEXSPORT.png","amp_enabled":true,"_links":{"self":[{"href":"https:\/\/rnoticias.com.mx\/Portal\/wp-json\/wp\/v2\/posts\/233839","targetHints":{"allow":["GET"]}}],"collection":[{"href":"https:\/\/rnoticias.com.mx\/Portal\/wp-json\/wp\/v2\/posts"}],"about":[{"href":"https:\/\/rnoticias.com.mx\/Portal\/wp-json\/wp\/v2\/types\/post"}],"author":[{"embeddable":true,"href":"https:\/\/rnoticias.com.mx\/Portal\/wp-json\/wp\/v2\/users\/2"}],"replies":[{"embeddable":true,"href":"https:\/\/rnoticias.com.mx\/Portal\/wp-json\/wp\/v2\/comments?post=233839"}],"version-history":[{"count":1,"href":"https:\/\/rnoticias.com.mx\/Portal\/wp-json\/wp\/v2\/posts\/233839\/revisions"}],"predecessor-version":[{"id":233841,"href":"https:\/\/rnoticias.com.mx\/Portal\/wp-json\/wp\/v2\/posts\/233839\/revisions\/233841"}],"wp:featuredmedia":[{"embeddable":true,"href":"https:\/\/rnoticias.com.mx\/Portal\/wp-json\/wp\/v2\/media\/233840"}],"wp:attachment":[{"href":"https:\/\/rnoticias.com.mx\/Portal\/wp-json\/wp\/v2\/media?parent=233839"}],"wp:term":[{"taxonomy":"category","embeddable":true,"href":"https:\/\/rnoticias.com.mx\/Portal\/wp-json\/wp\/v2\/categories?post=233839"},{"taxonomy":"post_tag","embeddable":true,"href":"https:\/\/rnoticias.com.mx\/Portal\/wp-json\/wp\/v2\/tags?post=233839"}],"curies":[{"name":"wp","href":"https:\/\/api.w.org\/{rel}","templated":true}]}}