{"id":233833,"date":"2025-10-29T13:39:38","date_gmt":"2025-10-29T20:39:38","guid":{"rendered":"https:\/\/rnoticias.com.mx\/Portal\/?p=233833"},"modified":"2025-10-29T13:39:38","modified_gmt":"2025-10-29T20:39:38","slug":"fiscalia-cdmx-reporta-detencion-de-simon-levy-el-lo-niega-y-acusa-atentado","status":"publish","type":"post","link":"https:\/\/rnoticias.com.mx\/Portal\/2025\/10\/29\/fiscalia-cdmx-reporta-detencion-de-simon-levy-el-lo-niega-y-acusa-atentado\/","title":{"rendered":"Fiscal\u00eda CDMX reporta detenci\u00f3n de Sim\u00f3n Levy; \u00e9l lo niega y acusa atentado"},"content":{"rendered":"<p>La\u00a0<strong>Fiscal\u00eda General de Justicia de la Ciudad de M\u00e9xico<\/strong>\u00a0(FGJCDMX) report\u00f3 este mi\u00e9rcoles la detenci\u00f3n de\u00a0<strong>Sim\u00f3n Levy<\/strong>, exsubsecretario de Turismo en el gobierno de\u00a0<strong>Andr\u00e9s Manuel L\u00f3pez Obrador<\/strong>; sin embargo, el propio exfuncionario desminti\u00f3 categ\u00f3ricamente este hecho.<\/p>\n<p>A trav\u00e9s de sus\u00a0<strong>redes sociales<\/strong>, Levy asegur\u00f3 que sufri\u00f3 un\u00a0<strong>atentado<\/strong>, pues comparti\u00f3 un mensaje asegurando que \u201clo quisieron matar\u201d. \u201cMexicanos: Estoy perfectamente bien. Me quisieron matar y adem\u00e1s inventarme mil cosas m\u00e1s. Estoy bien y bien de salud. Los quiero, voy a descansar hoy\u201d, se lee en la publicaci\u00f3n.<\/p>\n<p>De acuerdo con la fiscal\u00eda capitalina, Levy hab\u00eda sido detenido en\u00a0<strong>Portugal<\/strong>\u00a0debido a una alerta migratoria por la existencia de dos\u00a0<strong>\u00f3rdenes de aprehensi\u00f3n<\/strong>\u00a0vigentes en su contra, que se emitieron por \u201csu inasistencia a siete audiencias judiciales entre 2021, 2022 y 2025\u201d.<\/p>\n<p>Pero en una entrevista con el periodista Luis C\u00e1rdenas, Levy desminti\u00f3 las versiones difundidas sobre una supuesta detenci\u00f3n, incluyendo la confirmaci\u00f3n de la presidenta\u00a0<strong>Claudia Sheinbaum<\/strong>, afirmando que la noticia es una \u201ccortina de humo\u201d para encubrir un atentado que sufri\u00f3 hace horas. Adem\u00e1s, atribuy\u00f3 el atentado a su activismo contra el gobierno actual, se\u00f1alando que ha recibido\u00a0<strong>amenazas<\/strong>\u00a0directas de personas del partido\u00a0<strong>Morena<\/strong>.<\/p>\n<p>&nbsp;<\/p>\n<p>Fuente: pol\u00edtico mx<\/p>\n","protected":false},"excerpt":{"rendered":"<p>La\u00a0Fiscal\u00eda General de Justicia de la Ciudad de M\u00e9xico\u00a0(FGJCDMX) report\u00f3 este mi\u00e9rcoles la detenci\u00f3n de\u00a0Sim\u00f3n Levy, exsubsecretario de Turismo en el gobierno de\u00a0Andr\u00e9s Manuel L\u00f3pez Obrador; sin embargo, el propio exfuncionario desminti\u00f3 categ\u00f3ricamente este hecho. A trav\u00e9s de sus\u00a0redes sociales, Levy asegur\u00f3 que sufri\u00f3 un\u00a0atentado, pues comparti\u00f3 un mensaje asegurando que \u201clo quisieron matar\u201d. \u201cMexicanos: [&hellip;]<\/p>\n","protected":false},"author":2,"featured_media":233834,"comment_status":"closed","ping_status":"closed","sticky":false,"template":"","format":"standard","meta":{"footnotes":""},"categories":[12870,172],"tags":[12865,12874],"class_list":["post-233833","post","type-post","status-publish","format-standard","has-post-thumbnail","hentry","category-destacadas","category-nacional","tag-destacadas","tag-nacional"],"jetpack_featured_media_url":"https:\/\/rnoticias.com.mx\/Portal\/wp-content\/uploads\/2025\/10\/Polish_20250819_112006829.jpg","amp_enabled":true,"_links":{"self":[{"href":"https:\/\/rnoticias.com.mx\/Portal\/wp-json\/wp\/v2\/posts\/233833","targetHints":{"allow":["GET"]}}],"collection":[{"href":"https:\/\/rnoticias.com.mx\/Portal\/wp-json\/wp\/v2\/posts"}],"about":[{"href":"https:\/\/rnoticias.com.mx\/Portal\/wp-json\/wp\/v2\/types\/post"}],"author":[{"embeddable":true,"href":"https:\/\/rnoticias.com.mx\/Portal\/wp-json\/wp\/v2\/users\/2"}],"replies":[{"embeddable":true,"href":"https:\/\/rnoticias.com.mx\/Portal\/wp-json\/wp\/v2\/comments?post=233833"}],"version-history":[{"count":1,"href":"https:\/\/rnoticias.com.mx\/Portal\/wp-json\/wp\/v2\/posts\/233833\/revisions"}],"predecessor-version":[{"id":233835,"href":"https:\/\/rnoticias.com.mx\/Portal\/wp-json\/wp\/v2\/posts\/233833\/revisions\/233835"}],"wp:featuredmedia":[{"embeddable":true,"href":"https:\/\/rnoticias.com.mx\/Portal\/wp-json\/wp\/v2\/media\/233834"}],"wp:attachment":[{"href":"https:\/\/rnoticias.com.mx\/Portal\/wp-json\/wp\/v2\/media?parent=233833"}],"wp:term":[{"taxonomy":"category","embeddable":true,"href":"https:\/\/rnoticias.com.mx\/Portal\/wp-json\/wp\/v2\/categories?post=233833"},{"taxonomy":"post_tag","embeddable":true,"href":"https:\/\/rnoticias.com.mx\/Portal\/wp-json\/wp\/v2\/tags?post=233833"}],"curies":[{"name":"wp","href":"https:\/\/api.w.org\/{rel}","templated":true}]}}