{"id":233820,"date":"2025-10-28T20:52:30","date_gmt":"2025-10-29T03:52:30","guid":{"rendered":"https:\/\/rnoticias.com.mx\/Portal\/?p=233820"},"modified":"2025-10-28T20:52:30","modified_gmt":"2025-10-29T03:52:30","slug":"blue-demon-jr-sufre-accidente-automovilistico-y-se-encuentra-en-terapia-intensiva","status":"publish","type":"post","link":"https:\/\/rnoticias.com.mx\/Portal\/2025\/10\/28\/blue-demon-jr-sufre-accidente-automovilistico-y-se-encuentra-en-terapia-intensiva\/","title":{"rendered":"Blue Demon Jr. sufre accidente automovil\u00edstico y se encuentra en terapia intensiva"},"content":{"rendered":"<p>Este martes,\u00a0<strong>se confirm\u00f3 un accidente automovil\u00edstico sufrido por\u00a0Blue Demon Jr., legendario personaje del pancracio.<\/strong><\/p>\n<p>El heredero del m\u00edtico personaje,\u00a0<strong>quien ha cautivado a millones de aficionados con su estilo cl\u00e1sico en diferentes arenas de M\u00e9xico, habr\u00eda tenido el percance durante la madrugada de este lunes en la Ciudad de M\u00e9xico<\/strong>, siendo atendido y trasladado de\u00a0emergencia a un hospital.<\/p>\n<p>Lo anterior se confirm\u00f3 en las cuentas oficiales del esteta, en las que\u00a0se report\u00f3 su estado como estable, aunque se recalc\u00f3 que se encuentra en terapia intensiva.<\/p>\n<p><strong>&#8220;Se informa al p\u00fablico y a los medios de comunicaci\u00f3n que durante la madrugada de este lunes, Blue Demon Jr. sufri\u00f3 un percance automovil\u00edstico. Afortunadamente, se encuentra estable y fuera de peligro, aunque en\u00a0terapia intensiva, recibiendo la atenci\u00f3n m\u00e9dica y el seguimiento necesarios&#8221;<\/strong>, se puede leer en la publicaci\u00f3n.<\/p>\n<p>A trav\u00e9s el comunicado, firmado por la familia del enmascarado,\u00a0<strong>asegura que en las siguientes horas se dar\u00e1n m\u00e1s detalles sobre su condici\u00f3n, agradeciendo la preocupaci\u00f3n de los fans.<\/strong><\/p>\n<p>Con la confirmaci\u00f3n de la informaci\u00f3n, miles de aficionados compartieron su preocupaci\u00f3n por el luchador de\u00a059 a\u00f1os\u00a0de edad, deseando su pronta recuperaci\u00f3n para seguir vi\u00e9ndolo en el cuadril\u00e1tero.<\/p>\n<p>&nbsp;<\/p>\n<p>Fuente: El Universal<\/p>\n","protected":false},"excerpt":{"rendered":"<p>Este martes,\u00a0se confirm\u00f3 un accidente automovil\u00edstico sufrido por\u00a0Blue Demon Jr., legendario personaje del pancracio. El heredero del m\u00edtico personaje,\u00a0quien ha cautivado a millones de aficionados con su estilo cl\u00e1sico en diferentes arenas de M\u00e9xico, habr\u00eda tenido el percance durante la madrugada de este lunes en la Ciudad de M\u00e9xico, siendo atendido y trasladado de\u00a0emergencia a [&hellip;]<\/p>\n","protected":false},"author":2,"featured_media":233821,"comment_status":"closed","ping_status":"closed","sticky":false,"template":"","format":"standard","meta":{"footnotes":""},"categories":[188,12870],"tags":[5231,12865],"class_list":["post-233820","post","type-post","status-publish","format-standard","has-post-thumbnail","hentry","category-deportes","category-destacadas","tag-deportes","tag-destacadas"],"jetpack_featured_media_url":"https:\/\/rnoticias.com.mx\/Portal\/wp-content\/uploads\/2025\/10\/image-633.webp","amp_enabled":true,"_links":{"self":[{"href":"https:\/\/rnoticias.com.mx\/Portal\/wp-json\/wp\/v2\/posts\/233820","targetHints":{"allow":["GET"]}}],"collection":[{"href":"https:\/\/rnoticias.com.mx\/Portal\/wp-json\/wp\/v2\/posts"}],"about":[{"href":"https:\/\/rnoticias.com.mx\/Portal\/wp-json\/wp\/v2\/types\/post"}],"author":[{"embeddable":true,"href":"https:\/\/rnoticias.com.mx\/Portal\/wp-json\/wp\/v2\/users\/2"}],"replies":[{"embeddable":true,"href":"https:\/\/rnoticias.com.mx\/Portal\/wp-json\/wp\/v2\/comments?post=233820"}],"version-history":[{"count":1,"href":"https:\/\/rnoticias.com.mx\/Portal\/wp-json\/wp\/v2\/posts\/233820\/revisions"}],"predecessor-version":[{"id":233822,"href":"https:\/\/rnoticias.com.mx\/Portal\/wp-json\/wp\/v2\/posts\/233820\/revisions\/233822"}],"wp:featuredmedia":[{"embeddable":true,"href":"https:\/\/rnoticias.com.mx\/Portal\/wp-json\/wp\/v2\/media\/233821"}],"wp:attachment":[{"href":"https:\/\/rnoticias.com.mx\/Portal\/wp-json\/wp\/v2\/media?parent=233820"}],"wp:term":[{"taxonomy":"category","embeddable":true,"href":"https:\/\/rnoticias.com.mx\/Portal\/wp-json\/wp\/v2\/categories?post=233820"},{"taxonomy":"post_tag","embeddable":true,"href":"https:\/\/rnoticias.com.mx\/Portal\/wp-json\/wp\/v2\/tags?post=233820"}],"curies":[{"name":"wp","href":"https:\/\/api.w.org\/{rel}","templated":true}]}}