{"id":233817,"date":"2025-10-28T20:38:17","date_gmt":"2025-10-29T03:38:17","guid":{"rendered":"https:\/\/rnoticias.com.mx\/Portal\/?p=233817"},"modified":"2025-10-28T20:38:17","modified_gmt":"2025-10-29T03:38:17","slug":"bella-hadid-se-viraliza-al-ser-madrina-de-quinceanera","status":"publish","type":"post","link":"https:\/\/rnoticias.com.mx\/Portal\/2025\/10\/28\/bella-hadid-se-viraliza-al-ser-madrina-de-quinceanera\/","title":{"rendered":"Bella Hadid se viraliza al ser madrina de quincea\u00f1era"},"content":{"rendered":"<p>La reconocida modelo, Bella Hadid, ha dado bastante de qu\u00e9 hablar desde que\u00a0<mark><strong>el fin de semana pasado se convirti\u00f3 en \u201cmadrina\u201d de una quincea\u00f1era.<\/strong><\/mark><\/p>\n<p>La modelo de Victoria&#8217;s Secret\u00a0<strong>mantiene una relaci\u00f3n rom\u00e1ntica con el entrenador de caballos, Adan Ba\u00f1uelos,<\/strong>\u00a0de ra\u00edces mexicanas, y tal parece que su relaci\u00f3n va cada vez m\u00e1s en serio.<\/p>\n<div id=\"teads_ad\"><\/div>\n<div class=\"div-pos-2\"><\/div>\n<h2>Bella Hadid convive con las tradiciones mexicanas<\/h2>\n<p><mark><strong>Bella Hadid fue escogida como madrina de XV a\u00f1os de una familiar de su novio.<\/strong><\/mark>\u00a0Se desconoce si una prima o una sobrina, sin embargo,\u00a0<strong>la modelo parece estar cada vez m\u00e1s familiarizada con las costumbres mexicanas<\/strong>\u00a0por parte de la familia de su pareja.<\/p>\n<p>A trav\u00e9s de Instagram, Bella comparti\u00f3 detalles de la fiesta, incluida una imagen de Adan Ba\u00f1uelos bailando con la quincea\u00f1era al centro de la pista.<\/p>\n<div><\/div>\n<p>En otra de las stories, aparece la festejada con otro hermoso vestido de XV a\u00f1os rodeada de sus j\u00f3venes amigas, y la famosa escribi\u00f3 un emotivo mensaje para su ahijada: \u201cBellita&#8217;s quincea\u00f1era\u201d, comenz\u00f3.\u00a0<mark><strong>&#8220;Es un honor ser tu madrina mi dulce ni\u00f1a. Te amo mucho y estoy muy orgullosa de ti&#8221;<\/strong><\/mark>.<\/p>\n<p>&nbsp;<\/p>\n<h2>Una relaci\u00f3n bastante seria<\/h2>\n<p>Bella Hadid y Adan Bu\u00f1uelos levantaron sospechas de su relaci\u00f3n en octubre del 2023. Meses despu\u00e9s,\u00a0<strong>en febrero del 2024, la modelo y activista confirm\u00f3 su relaci\u00f3n por medio de Instagram.<\/strong><\/p>\n<p>En una entrevista con la revista\u00a0<i>Allure<\/i>,\u00a0<strong>Hadid habl\u00f3 sobre su conexi\u00f3n con Bu\u00f1uelos, la que asegur\u00f3 que fue instant\u00e1nea<\/strong>: &#8220;Lo vi entrar, y fue como una r\u00e1faga de aire fresco. B\u00e1sicamente, \u00e9l entr\u00f3, camin\u00f3 hacia el pabell\u00f3n de exhibici\u00f3n, que es donde hacemos todo lo relacionado con el espect\u00e1culo. Me estaban ajustando un sombrero vaquero.<mark><strong>\u00a0Lo vi y pens\u00e9: ese es\u2026 siempre quise al vaquero<\/strong><\/mark>&#8220;.<\/p>\n<p>Antes de tomar el camino del modelaje,\u00a0<strong>el mayor sue\u00f1o de Bella Hadid era ser jinete de caballos.<\/strong>\u00a0Lamentablemente, en 2012 fue diagnosticada con la enfermedad de Lyme, y tuvo que alejarse de los establos, abri\u00e9ndose paso en el mundo de la moda.<\/p>\n<p>Ahora, con su actual relaci\u00f3n, la modelo se ha vuelto a acercar a la equitaci\u00f3n, pues su novio es entrenador profesional y disfrutan de cada momento juntos, dentro y fuera del hip\u00f3dromo.<\/p>\n","protected":false},"excerpt":{"rendered":"<p>La reconocida modelo, Bella Hadid, ha dado bastante de qu\u00e9 hablar desde que\u00a0el fin de semana pasado se convirti\u00f3 en \u201cmadrina\u201d de una quincea\u00f1era. La modelo de Victoria&#8217;s Secret\u00a0mantiene una relaci\u00f3n rom\u00e1ntica con el entrenador de caballos, Adan Ba\u00f1uelos,\u00a0de ra\u00edces mexicanas, y tal parece que su relaci\u00f3n va cada vez m\u00e1s en serio. Bella Hadid [&hellip;]<\/p>\n","protected":false},"author":2,"featured_media":233818,"comment_status":"closed","ping_status":"closed","sticky":false,"template":"","format":"standard","meta":{"footnotes":""},"categories":[12870,219],"tags":[12865,12875],"class_list":["post-233817","post","type-post","status-publish","format-standard","has-post-thumbnail","hentry","category-destacadas","category-espectaculos","tag-destacadas","tag-espectaculos"],"jetpack_featured_media_url":"https:\/\/rnoticias.com.mx\/Portal\/wp-content\/uploads\/2025\/10\/Jalisco-Hoy.00_04_59_01.Imagen-fija541-1000x600-1.jpg","amp_enabled":true,"_links":{"self":[{"href":"https:\/\/rnoticias.com.mx\/Portal\/wp-json\/wp\/v2\/posts\/233817","targetHints":{"allow":["GET"]}}],"collection":[{"href":"https:\/\/rnoticias.com.mx\/Portal\/wp-json\/wp\/v2\/posts"}],"about":[{"href":"https:\/\/rnoticias.com.mx\/Portal\/wp-json\/wp\/v2\/types\/post"}],"author":[{"embeddable":true,"href":"https:\/\/rnoticias.com.mx\/Portal\/wp-json\/wp\/v2\/users\/2"}],"replies":[{"embeddable":true,"href":"https:\/\/rnoticias.com.mx\/Portal\/wp-json\/wp\/v2\/comments?post=233817"}],"version-history":[{"count":1,"href":"https:\/\/rnoticias.com.mx\/Portal\/wp-json\/wp\/v2\/posts\/233817\/revisions"}],"predecessor-version":[{"id":233819,"href":"https:\/\/rnoticias.com.mx\/Portal\/wp-json\/wp\/v2\/posts\/233817\/revisions\/233819"}],"wp:featuredmedia":[{"embeddable":true,"href":"https:\/\/rnoticias.com.mx\/Portal\/wp-json\/wp\/v2\/media\/233818"}],"wp:attachment":[{"href":"https:\/\/rnoticias.com.mx\/Portal\/wp-json\/wp\/v2\/media?parent=233817"}],"wp:term":[{"taxonomy":"category","embeddable":true,"href":"https:\/\/rnoticias.com.mx\/Portal\/wp-json\/wp\/v2\/categories?post=233817"},{"taxonomy":"post_tag","embeddable":true,"href":"https:\/\/rnoticias.com.mx\/Portal\/wp-json\/wp\/v2\/tags?post=233817"}],"curies":[{"name":"wp","href":"https:\/\/api.w.org\/{rel}","templated":true}]}}