{"id":233805,"date":"2025-10-28T20:29:00","date_gmt":"2025-10-29T03:29:00","guid":{"rendered":"https:\/\/rnoticias.com.mx\/Portal\/?p=233805"},"modified":"2025-10-28T20:29:00","modified_gmt":"2025-10-29T03:29:00","slug":"participa-ine-en-el-xxxvi-congreso-internacional-de-estudios-electorales-integridad-electoral-en-contextos-de-violencia-e-inseguridad-en-america-latina","status":"publish","type":"post","link":"https:\/\/rnoticias.com.mx\/Portal\/2025\/10\/28\/participa-ine-en-el-xxxvi-congreso-internacional-de-estudios-electorales-integridad-electoral-en-contextos-de-violencia-e-inseguridad-en-america-latina\/","title":{"rendered":"Participa INE en el XXXVI Congreso Internacional de Estudios Electorales: Integridad electoral en contextos de violencia e inseguridad en Am\u00e9rica Latina"},"content":{"rendered":"<p class=\"x_MsoNormal\"><span data-olk-copy-source=\"MessageBody\">El Instituto Nacional Electoral (INE) en coordinaci\u00f3n con la Sociedad Mexicana de Estudios Electorales A.C.; la Universidad de Medell\u00edn; la Universidad Pontificia Bolivariana; el Instituto de Estudios Pol\u00edticos de la Universidad de Antioqu\u00eda y el Departamento de Ciencia Pol\u00edtica de la Facultad de Ciencias Humanas y Econ\u00f3micas de la Universidad Nacional de Colombia, sede Medell\u00edn, convocaron al\u00a0<i>XXXVI Congreso Internacional de Estudios Electorales: Integridad electoral en contextos de violencia e inseguridad en Am\u00e9rica Latina<\/i>.<\/span><\/p>\n<p class=\"x_MsoNormal\">\n<p class=\"x_MsoNormal\">Al participar en la inauguraci\u00f3n, el Consejero Uuc-kib Espadas Ancona consider\u00f3 que el Congreso, que re\u00fane a la comunidad acad\u00e9mica, estudiantil y representantes de instituciones, es una oportunidad para reflexionar sobre el estado actual de la democracia.<\/p>\n<p class=\"x_MsoNormal\">\n<p class=\"x_MsoNormal\">\u201cHemos enfrentado duros golpes y reveses al orden democr\u00e1tico. Estamos en momentos de incertidumbre en lo pol\u00edtico y en lo electoral, en otros aspectos tambi\u00e9n. Tenemos en puerta probablemente una reforma electoral, que hay que decirlo, pocos ven con optimismo, aunque muchos hemos decidido opinar, hacer o\u00edr nuestras voces, un poco con esperanza y un mucho desenterrando nuestros viejos quehaceres, tanto en la pol\u00edtica como en la democracia\u201d, se\u00f1al\u00f3.<\/p>\n<p class=\"x_MsoNormal\">\n<p class=\"x_MsoNormal\">Para el Consejero Espadas Ancona, \u201cla democracia no lleg\u00f3 para quedarse de manera irreversible. La democracia no s\u00f3lo tiene enemigos, sino que genera disgustos amplios y eso es parte de lo que tenemos que discutir\u201d, dijo y a\u00f1adi\u00f3 que la academia tiene cosas que decir sobre M\u00e9xico y su desarrollo futuro.<\/p>\n<p class=\"x_MsoNormal\">\n<p class=\"x_MsoNormal\">\u201cEl Congreso, como siempre, realizar\u00e1 un an\u00e1lisis que deber\u00e1 difundirse fuera de nuestros \u00edntimos espacios de discusi\u00f3n y que ser\u00e1n parte del instrumental acad\u00e9mico para entender nuestro pa\u00eds y transformarlo\u201d, apunt\u00f3.<\/p>\n<p class=\"x_MsoNormal\">\n<p class=\"x_MsoNormal\">El Congreso que se llevaba a cabo del 14 al 16 de octubre en la Universidad de Medell\u00edn,<i>\u00a0<\/i>fue inaugurado por la presidenta de la Sociedad Mexicana de Estudios Electorales (SOMEE), Martha Elisa Nateras Gonz\u00e1lez, acompa\u00f1ada del rector N\u00e9stor Ra\u00fal Posada Arboleda.<\/p>\n<p class=\"x_MsoNormal\">\n<p class=\"x_MsoNormal\">\u201cEn Am\u00e9rica Latina analizar los procesos electorales es fundamental, no s\u00f3lo para comprender la evoluci\u00f3n y calidad de nuestras democracias, sino para hacer frente a desaf\u00edos electorales\u201d, indic\u00f3 Nateras Gonz\u00e1lez.<\/p>\n<p class=\"x_MsoNormal\">\n<p class=\"x_MsoNormal\">Como parte del primer d\u00eda de trabajos, se llev\u00f3 a cabo la primera Mesa \u201cRetos de la Vinculaci\u00f3n Interinstitucional Electoral: el Caso de la Elecci\u00f3n Extraordinaria del Poder Judicial de la Federaci\u00f3n 24-25\u201d, que cont\u00f3 con la participaci\u00f3n de la Consejera del Instituto Electoral del Estado de M\u00e9xico,\u00a0 Paula Melgarejo Salgado; el Encargado del Despacho de la Unidad T\u00e9cnica de Vinculaci\u00f3n con los Organismos P\u00fablicos Locales (UTVOPL) del INE, Pedro Pablo Chirinos Ben\u00edtez y el catedr\u00e1tico de la Facultad de Ciencias Pol\u00edticas y Sociales de la Universidad Nacional Aut\u00f3noma de M\u00e9xico (UNAM), Said Hern\u00e1ndez Quintana.<\/p>\n<p class=\"x_MsoNormal\">\n<p class=\"x_MsoNormal\">La coordinaci\u00f3n y vinculaci\u00f3n interinstitucional INE-OPL, fue fundamental para los trabajos de organizaci\u00f3n en los que se rompieron esquemas, para lograr la primera e in\u00e9dita elecci\u00f3n del Poder Judicial con la mayor calidad, concluyeron la y los ponentes.<\/p>\n<p class=\"x_MsoNormal\">\n<p class=\"x_MsoNormal\">En la Mesa Especial 2 titulada \u201cProceso Electoral Extraordinario 2024-2025, Organizaci\u00f3n Electoral y Seguridad en M\u00e9xico\u201d, participaron el Subdirector de Planeaci\u00f3n y Evaluaci\u00f3n en la Direcci\u00f3n Ejecutiva del Servicio Profesional Electoral Nacional, Donovan Uriel Torres L\u00f3pez; la Consejera Presidenta del Instituto Electoral y de Participaci\u00f3n Ciudadana de Tabasco, Elizabeth Nava Guti\u00e9rrez y el catedr\u00e1tico de la Facultad de Ciencias Pol\u00edticas y Sociales de la UNAM, Brayant Armando Vargas Hern\u00e1ndez.<\/p>\n<p class=\"x_MsoNormal\">\n<p class=\"x_MsoNormal\">La Vocal Ejecutiva de Junta Local, Liliana D\u00edaz de Le\u00f3n Zapata, moder\u00f3 la mesa en la que los ponentes disertaron sobre lo que implic\u00f3 la organizaci\u00f3n de un proceso electoral in\u00e9dito, con tiempos acotados y en el que se impusieron novedades legislativas, as\u00ed como el hecho de que los sistemas democr\u00e1ticos pueden resistir los embates de la violencia y la inseguridad, garantizando al mismo tiempo elecciones inclusivas, leg\u00edtimas y representativas.<\/p>\n","protected":false},"excerpt":{"rendered":"<p>El Instituto Nacional Electoral (INE) en coordinaci\u00f3n con la Sociedad Mexicana de Estudios Electorales A.C.; la Universidad de Medell\u00edn; la Universidad Pontificia Bolivariana; el Instituto de Estudios Pol\u00edticos de la Universidad de Antioqu\u00eda y el Departamento de Ciencia Pol\u00edtica de la Facultad de Ciencias Humanas y Econ\u00f3micas de la Universidad Nacional de Colombia, sede Medell\u00edn, [&hellip;]<\/p>\n","protected":false},"author":2,"featured_media":233806,"comment_status":"closed","ping_status":"closed","sticky":false,"template":"","format":"standard","meta":{"footnotes":""},"categories":[12870,12868],"tags":[12865,12879],"class_list":["post-233805","post","type-post","status-publish","format-standard","has-post-thumbnail","hentry","category-destacadas","category-politica","tag-destacadas","tag-politica"],"jetpack_featured_media_url":"https:\/\/rnoticias.com.mx\/Portal\/wp-content\/uploads\/2025\/10\/INE-1.jpg","amp_enabled":true,"_links":{"self":[{"href":"https:\/\/rnoticias.com.mx\/Portal\/wp-json\/wp\/v2\/posts\/233805","targetHints":{"allow":["GET"]}}],"collection":[{"href":"https:\/\/rnoticias.com.mx\/Portal\/wp-json\/wp\/v2\/posts"}],"about":[{"href":"https:\/\/rnoticias.com.mx\/Portal\/wp-json\/wp\/v2\/types\/post"}],"author":[{"embeddable":true,"href":"https:\/\/rnoticias.com.mx\/Portal\/wp-json\/wp\/v2\/users\/2"}],"replies":[{"embeddable":true,"href":"https:\/\/rnoticias.com.mx\/Portal\/wp-json\/wp\/v2\/comments?post=233805"}],"version-history":[{"count":1,"href":"https:\/\/rnoticias.com.mx\/Portal\/wp-json\/wp\/v2\/posts\/233805\/revisions"}],"predecessor-version":[{"id":233807,"href":"https:\/\/rnoticias.com.mx\/Portal\/wp-json\/wp\/v2\/posts\/233805\/revisions\/233807"}],"wp:featuredmedia":[{"embeddable":true,"href":"https:\/\/rnoticias.com.mx\/Portal\/wp-json\/wp\/v2\/media\/233806"}],"wp:attachment":[{"href":"https:\/\/rnoticias.com.mx\/Portal\/wp-json\/wp\/v2\/media?parent=233805"}],"wp:term":[{"taxonomy":"category","embeddable":true,"href":"https:\/\/rnoticias.com.mx\/Portal\/wp-json\/wp\/v2\/categories?post=233805"},{"taxonomy":"post_tag","embeddable":true,"href":"https:\/\/rnoticias.com.mx\/Portal\/wp-json\/wp\/v2\/tags?post=233805"}],"curies":[{"name":"wp","href":"https:\/\/api.w.org\/{rel}","templated":true}]}}