{"id":233802,"date":"2025-10-28T20:27:09","date_gmt":"2025-10-29T03:27:09","guid":{"rendered":"https:\/\/rnoticias.com.mx\/Portal\/?p=233802"},"modified":"2025-10-28T20:27:09","modified_gmt":"2025-10-29T03:27:09","slug":"recibe-ine-propuestas-para-la-reforma-electoral-de-mujeres-y-grupos-indigenas","status":"publish","type":"post","link":"https:\/\/rnoticias.com.mx\/Portal\/2025\/10\/28\/recibe-ine-propuestas-para-la-reforma-electoral-de-mujeres-y-grupos-indigenas\/","title":{"rendered":"Recibe INE propuestas para la reforma electoral de mujeres y grupos ind\u00edgenas"},"content":{"rendered":"<p class=\"x_MsoNormal\"><span data-olk-copy-source=\"MessageBody\">El Instituto Nacional Electoral (INE) recibi\u00f3 las propuestas que elaboraron diferentes grupos ind\u00edgenas para ser integradas al documento que se entregar\u00e1 a la Comisi\u00f3n Presidencial para la Reforma Electoral y al Poder Legislativo.<\/span><\/p>\n<p class=\"x_MsoNormal\">\n<p class=\"x_MsoNormal\">En una reuni\u00f3n con alrededor de 50 mujeres ind\u00edgenas de la monta\u00f1a de Guerrero, la Secretaria Ejecutiva, Claudia Arlett Espino ley\u00f3 un mensaje que les envi\u00f3 la Consejera Presidenta Guadalupe Taddei y en el que dej\u00f3 en claro que \u201cpara el INE la inclusi\u00f3n no es un discurso, es un mandato constitucional y una obligaci\u00f3n permanente\u201d.<\/p>\n<p class=\"x_MsoNormal\">\n<p class=\"x_MsoNormal\">La democracia mexicana, agrega el texto, por mucho tiempo tuvo una deuda pendiente con sus pueblos originarios y, por supuesto, con las mujeres ind\u00edgenas y afrodescendientes, por lo que revertir esa inercia y saldar esa deuda ha sido una misi\u00f3n permanente y constante que el INE ha asumido con absoluta convicci\u00f3n.<\/p>\n<p class=\"x_MsoNormal\">\n<p class=\"x_MsoNormal\">Por ello, en el marco de la discusi\u00f3n de una eventual reforma electoral, Taddei Zavala consider\u00f3 indispensable la participaci\u00f3n de las mujeres ind\u00edgenas y afrodescendientes, de lo contrario, \u201cser\u00eda una reforma incompleta\u201d.<\/p>\n<p class=\"x_MsoNormal\">\n<p class=\"x_MsoNormal\">Subray\u00f3 que el documento que recibe el INE con el prop\u00f3sito de presentarlo formalmente ante la Comisi\u00f3n Presidencial para la Reforma Electoral y ante el Poder Legislativo, \u201cno es simplemente un conjunto de ideas, es la materializaci\u00f3n de la voz, de la visi\u00f3n y de la experiencia acumulada de las mujeres ind\u00edgenas y afrodescendientes del estado de Guerrero, para el fortalecimiento de la democracia\u201d.<\/p>\n<p class=\"x_MsoNormal\">\n<p class=\"x_MsoNormal\">Ante integrantes de la Junta General Ejecutiva y, de manera virtual, los vocales de las Juntas Locales y Distritales del Instituto, las mujeres ind\u00edgenas Karemi Calleja Aguilar, Martha Ram\u00edrez Galeana, Antonia Ram\u00edrez Marcelino, Catalina Apolinar Santiago, Patricia Baz\u00e1n y Diodira Pantale\u00f3n, plantearon la necesidad de incorporar la representaci\u00f3n de los pueblos originarios ind\u00edgenas y afromexicanos ante el Consejo General del INE, as\u00ed como de los consejos locales y distritales y crear una unidad o coordinaci\u00f3n de sistemas normativos pluriculturales al interior del \u00f3rgano electoral nacional.<\/p>\n<p class=\"x_MsoNormal\">\n<p class=\"x_MsoNormal\">Asimismo, garantizar la autoadscripci\u00f3n calificada ind\u00edgena con un cat\u00e1logo de documentos que acrediten el v\u00ednculo comunitario; fomentar la participaci\u00f3n pol\u00edtica de la mujer en cargos comunitarios como mayordom\u00edas, topiles y comisarias a nivel municipal, estatal y federal; que se permita a la mujer ind\u00edgena ejercer el voto; incrementar el presupuesto para fomentar el liderazgo pol\u00edtico de ese sector y fiscalizar que el financiamiento otorgado a partidos pol\u00edticos para este fin, se ejerza sin devoluciones.<\/p>\n<p class=\"x_MsoNormal\">\n<p class=\"x_MsoNormal\"><b><i>INE entregar\u00e1 las propuestas de manera \u00edntegra<\/i><\/b><\/p>\n<p class=\"x_MsoNormal\">\n<p class=\"x_MsoNormal\">Posteriormente, en reuni\u00f3n con la Gubernatura Ind\u00edgena Nacional, la Secretaria Ejecutiva extern\u00f3 el compromiso de que las propuestas se entregar\u00e1n de manera \u00edntegra, \u201cen manos de quienes deciden en el ejercicio del poder\u201d.<\/p>\n<p class=\"x_MsoNormal\">\n<p class=\"x_MsoNormal\">A nombre de la Presidenta del INE, Guadalupe Taddei, agradeci\u00f3 la propuesta que desde la visi\u00f3n de la Gubernatura Ind\u00edgena Nacional se tiene para una posible reforma electoral.<\/p>\n<p class=\"x_MsoNormal\">\n<p class=\"x_MsoNormal\">El INE, dijo, \u201cser\u00e1 el compilador de muchas de las propuestas que a trav\u00e9s de asociaciones o grupos ind\u00edgenas nos eligen para poder ser el contacto institucional tanto con la Comisi\u00f3n de Reforma Electoral de la Presidencia de la Rep\u00fablica, como con el Poder Legislativo\u201d.<\/p>\n<p class=\"x_MsoNormal\">\n<p class=\"x_MsoNormal\">De ah\u00ed que las propuestas se integrar\u00e1n a los trabajos que realizar\u00e1 la Junta General Ejecutiva desde la visi\u00f3n t\u00e9cnico-operativa.<\/p>\n<p class=\"x_MsoNormal\">\n<p class=\"x_MsoNormal\">En representaci\u00f3n con la Gubernatura Ind\u00edgena Nacional, Alfonso Alc\u00e1ntara Hern\u00e1ndez y Juan Garc\u00eda Castro expresaron como propuestas ante una eventual reforma electoral, que los partidos pol\u00edticos respeten la asignaci\u00f3n directa que corresponde a la participaci\u00f3n de los pueblos nativos originarios de las comunidades ind\u00edgenas en las elecciones de 2027, con un porcentaje m\u00ednimo del 21.5 %, lo que equivaldr\u00eda a 108 curules en la C\u00e1mara de Diputados, de los cuales, 55 ser\u00edan para mujeres y 21 diputaciones migrantes y se evite la expropiaci\u00f3n de las propiedades ind\u00edgenas.<\/p>\n<p class=\"x_MsoNormal\">\n<p class=\"x_MsoNormal\">Tambi\u00e9n, se fomenten las consultas \u201creales\u201d a las comunidades ind\u00edgenas, sin imponerles programas; crear la Secretar\u00eda de Asuntos Ind\u00edgenas en sustituci\u00f3n del Instituto Nacional de los Pueblos Ind\u00edgenas y que sea la Comisi\u00f3n de Presupuesto y Cuenta P\u00fablica junto con la Secretar\u00eda de Hacienda, las dependencias que otorguen los recursos para atender las demandas de los pueblos originarios.<\/p>\n<p class=\"x_MsoNormal\"><b>\u00a0<\/b><\/p>\n","protected":false},"excerpt":{"rendered":"<p>El Instituto Nacional Electoral (INE) recibi\u00f3 las propuestas que elaboraron diferentes grupos ind\u00edgenas para ser integradas al documento que se entregar\u00e1 a la Comisi\u00f3n Presidencial para la Reforma Electoral y al Poder Legislativo. En una reuni\u00f3n con alrededor de 50 mujeres ind\u00edgenas de la monta\u00f1a de Guerrero, la Secretaria Ejecutiva, Claudia Arlett Espino ley\u00f3 un [&hellip;]<\/p>\n","protected":false},"author":2,"featured_media":233803,"comment_status":"closed","ping_status":"closed","sticky":false,"template":"","format":"standard","meta":{"footnotes":""},"categories":[12870,12868],"tags":[12865,12879],"class_list":["post-233802","post","type-post","status-publish","format-standard","has-post-thumbnail","hentry","category-destacadas","category-politica","tag-destacadas","tag-politica"],"jetpack_featured_media_url":"https:\/\/rnoticias.com.mx\/Portal\/wp-content\/uploads\/2025\/10\/11-8.jpg","amp_enabled":true,"_links":{"self":[{"href":"https:\/\/rnoticias.com.mx\/Portal\/wp-json\/wp\/v2\/posts\/233802","targetHints":{"allow":["GET"]}}],"collection":[{"href":"https:\/\/rnoticias.com.mx\/Portal\/wp-json\/wp\/v2\/posts"}],"about":[{"href":"https:\/\/rnoticias.com.mx\/Portal\/wp-json\/wp\/v2\/types\/post"}],"author":[{"embeddable":true,"href":"https:\/\/rnoticias.com.mx\/Portal\/wp-json\/wp\/v2\/users\/2"}],"replies":[{"embeddable":true,"href":"https:\/\/rnoticias.com.mx\/Portal\/wp-json\/wp\/v2\/comments?post=233802"}],"version-history":[{"count":1,"href":"https:\/\/rnoticias.com.mx\/Portal\/wp-json\/wp\/v2\/posts\/233802\/revisions"}],"predecessor-version":[{"id":233804,"href":"https:\/\/rnoticias.com.mx\/Portal\/wp-json\/wp\/v2\/posts\/233802\/revisions\/233804"}],"wp:featuredmedia":[{"embeddable":true,"href":"https:\/\/rnoticias.com.mx\/Portal\/wp-json\/wp\/v2\/media\/233803"}],"wp:attachment":[{"href":"https:\/\/rnoticias.com.mx\/Portal\/wp-json\/wp\/v2\/media?parent=233802"}],"wp:term":[{"taxonomy":"category","embeddable":true,"href":"https:\/\/rnoticias.com.mx\/Portal\/wp-json\/wp\/v2\/categories?post=233802"},{"taxonomy":"post_tag","embeddable":true,"href":"https:\/\/rnoticias.com.mx\/Portal\/wp-json\/wp\/v2\/tags?post=233802"}],"curies":[{"name":"wp","href":"https:\/\/api.w.org\/{rel}","templated":true}]}}