{"id":233799,"date":"2025-10-28T20:25:35","date_gmt":"2025-10-29T03:25:35","guid":{"rendered":"https:\/\/rnoticias.com.mx\/Portal\/?p=233799"},"modified":"2025-10-28T20:25:35","modified_gmt":"2025-10-29T03:25:35","slug":"reconocen-al-fondo-editorial-unison-con-el-premio-al-libro-del-ano-de-la-caniem","status":"publish","type":"post","link":"https:\/\/rnoticias.com.mx\/Portal\/2025\/10\/28\/reconocen-al-fondo-editorial-unison-con-el-premio-al-libro-del-ano-de-la-caniem\/","title":{"rendered":"Reconocen al Fondo Editorial Unison con el Premio al Libro del A\u00f1o de la CANIEM"},"content":{"rendered":"<p>El Fondo Editorial de la Universidad de Sonora recibi\u00f3 por primera vez el reconocimiento \u201cLibro del A\u00f1o\u201d en la categor\u00eda No Ficci\u00f3n, otorgado por la C\u00e1mara Nacional de la Industria Editorial Mexicana (CANIEM), con la obra Detectives de objetos, de la dramaturga y ensayista Shaday Larios.<\/p>\n<p>Iv\u00e1n Ballesteros Rojo, coordinador del Fondo Editorial de la instituci\u00f3n, se\u00f1al\u00f3 que este logro representa un hecho hist\u00f3rico para la Universidad de Sonora, al ser el primer galard\u00f3n nacional que reconoce la calidad editorial y el valor cultural del trabajo desarrollado por la alma mater sonorense.<\/p>\n<p>\u201cNos llena de gusto porque el reconocimiento, adem\u00e1s de destacar la obra de una autora magn\u00edfica, reconoce el trabajo editorial que est\u00e1 haciendo la Universidad de Sonora. Este premio nos otorga prestigio no s\u00f3lo al \u00e1rea editorial, sino tambi\u00e9n al \u00e1mbito acad\u00e9mico de nuestra instituci\u00f3n\u201d, expres\u00f3.<\/p>\n<p>Explic\u00f3 que la postulaci\u00f3n se realiz\u00f3 dentro de los Premios Anuales de la CANIEM, certamen en el que participan editoriales y universidades p\u00fablicas de todo el pa\u00eds. La obra literaria Detectives de objetos fue seleccionada como finalista entre decenas de obras y, tras la \u00faltima etapa de votaci\u00f3n, result\u00f3 ganadora del reconocimiento nacional.<\/p>\n<p>Indic\u00f3 que la obra galardonada es un ensayo que desaf\u00eda las clasificaciones tradicionales, pues, a trav\u00e9s de tres investigaciones en distintas ciudades de Europa, la autora Shaday Larios reflexiona sobre la historia, la memoria y la carga simb\u00f3lica de los objetos cotidianos, integrando en su narrativa elementos de antropolog\u00eda, dramaturgia y arte visual.<\/p>\n<p>\u201cEs un libro bell\u00edsimo en su concepci\u00f3n, dif\u00edcil de catalogar. Es ensayo, sociolog\u00eda, dramaturgia, \u00e1lbum visual\u2026 una mezcla que dialoga entre el objeto, la memoria y la poes\u00eda.<\/p>\n<p>\u201cHa sido descrito por el cr\u00edtico Rub\u00e9n Ortiz como una bell\u00edsima bit\u00e1cora, un cat\u00e1logo delirante, una reflexi\u00f3n te\u00f3rica que rinde homenaje a la raz\u00f3n po\u00e9tica acu\u00f1ada por Mar\u00eda Zambrano. Es un trabajo bell\u00edsimo en su concepci\u00f3n y es una mezcla que dialoga entre el objeto, la memoria y la poes\u00eda\u201d, destac\u00f3 Ballesteros Rojo.<\/p>\n<p>Mencion\u00f3 que este reconocimiento consolida el papel del Fondo Editorial de la Universidad de Sonora como un espacio que difunde el conocimiento, la creatividad y la cultura, tanto dentro como fuera de la instituci\u00f3n.<\/p>\n<p>La ceremonia de entrega del galard\u00f3n se llevar\u00e1 a cabo el pr\u00f3ximo 11 de noviembre, a las 19:00 horas, durante una gala en el Castillo de Chapultepec, en la Ciudad de M\u00e9xico.<\/p>\n<p>El libro Detectives de objetos est\u00e1 disponible en El Estanquillo de las Letras, la Librer\u00eda Unison Alonso Vidal, el Fondo Editorial de la Universidad de Sonora, la Librer\u00eda del Noroeste y en sucursales del Fondo de Cultura Econ\u00f3mica en todo M\u00e9xico.<\/p>\n<p>&nbsp;<\/p>\n","protected":false},"excerpt":{"rendered":"<p>El Fondo Editorial de la Universidad de Sonora recibi\u00f3 por primera vez el reconocimiento \u201cLibro del A\u00f1o\u201d en la categor\u00eda No Ficci\u00f3n, otorgado por la C\u00e1mara Nacional de la Industria Editorial Mexicana (CANIEM), con la obra Detectives de objetos, de la dramaturga y ensayista Shaday Larios. Iv\u00e1n Ballesteros Rojo, coordinador del Fondo Editorial de la [&hellip;]<\/p>\n","protected":false},"author":2,"featured_media":233800,"comment_status":"closed","ping_status":"closed","sticky":false,"template":"","format":"standard","meta":{"footnotes":""},"categories":[12870,178],"tags":[12865,12869],"class_list":["post-233799","post","type-post","status-publish","format-standard","has-post-thumbnail","hentry","category-destacadas","category-local","tag-destacadas","tag-local"],"jetpack_featured_media_url":"https:\/\/rnoticias.com.mx\/Portal\/wp-content\/uploads\/2025\/10\/IVAN-BALLESTEROS-ROJO.jpg","amp_enabled":true,"_links":{"self":[{"href":"https:\/\/rnoticias.com.mx\/Portal\/wp-json\/wp\/v2\/posts\/233799","targetHints":{"allow":["GET"]}}],"collection":[{"href":"https:\/\/rnoticias.com.mx\/Portal\/wp-json\/wp\/v2\/posts"}],"about":[{"href":"https:\/\/rnoticias.com.mx\/Portal\/wp-json\/wp\/v2\/types\/post"}],"author":[{"embeddable":true,"href":"https:\/\/rnoticias.com.mx\/Portal\/wp-json\/wp\/v2\/users\/2"}],"replies":[{"embeddable":true,"href":"https:\/\/rnoticias.com.mx\/Portal\/wp-json\/wp\/v2\/comments?post=233799"}],"version-history":[{"count":1,"href":"https:\/\/rnoticias.com.mx\/Portal\/wp-json\/wp\/v2\/posts\/233799\/revisions"}],"predecessor-version":[{"id":233801,"href":"https:\/\/rnoticias.com.mx\/Portal\/wp-json\/wp\/v2\/posts\/233799\/revisions\/233801"}],"wp:featuredmedia":[{"embeddable":true,"href":"https:\/\/rnoticias.com.mx\/Portal\/wp-json\/wp\/v2\/media\/233800"}],"wp:attachment":[{"href":"https:\/\/rnoticias.com.mx\/Portal\/wp-json\/wp\/v2\/media?parent=233799"}],"wp:term":[{"taxonomy":"category","embeddable":true,"href":"https:\/\/rnoticias.com.mx\/Portal\/wp-json\/wp\/v2\/categories?post=233799"},{"taxonomy":"post_tag","embeddable":true,"href":"https:\/\/rnoticias.com.mx\/Portal\/wp-json\/wp\/v2\/tags?post=233799"}],"curies":[{"name":"wp","href":"https:\/\/api.w.org\/{rel}","templated":true}]}}