{"id":233793,"date":"2025-10-28T20:13:41","date_gmt":"2025-10-29T03:13:41","guid":{"rendered":"https:\/\/rnoticias.com.mx\/Portal\/?p=233793"},"modified":"2025-10-28T20:13:41","modified_gmt":"2025-10-29T03:13:41","slug":"intensifica-ayuntamiento-de-hermosillo-bacheo-en-area-urbana-y-rural","status":"publish","type":"post","link":"https:\/\/rnoticias.com.mx\/Portal\/2025\/10\/28\/intensifica-ayuntamiento-de-hermosillo-bacheo-en-area-urbana-y-rural\/","title":{"rendered":"Intensifica Ayuntamiento de Hermosillo bacheo en \u00e1rea urbana y rural"},"content":{"rendered":"<p><b data-olk-copy-source=\"MessageBody\">Hermosillo, Sonora; 28 de octubre de 2025.-<\/b>\u00a0Con el objetivo de mantener en buenas condiciones las vialidades del municipio, tanto en la zona urbana como en las comunidades rurales, el gobierno que encabeza el presidente municipal Antonio Astiazar\u00e1n Guti\u00e9rrez lleva a cabo un programa intensivo de bacheo a trav\u00e9s de la Direcci\u00f3n General de Desarrollo de Infraestructura.<\/p>\n<p aria-hidden=\"true\">\n<p>Las cuadrillas municipales trabajan de forma permanente en diferentes puntos de la ciudad y del \u00e1rea rural, priorizando las vialidades con mayor flujo vehicular y aquellas donde se registran afectaciones a causa de las recientes lluvias, para garantizar traslados m\u00e1s seguros y eficientes.<\/p>\n<p aria-hidden=\"true\">\n<p>Actualmente se encuentran activas 15 cuadrillas diurnas y cuatro nocturnas, adem\u00e1s de equipos asignados a comunidades rurales para atender caminos de acceso y vialidades principales.<\/p>\n<p aria-hidden=\"true\">\n<p>Durante la jornada m\u00e1s reciente del programa intensivo de bacheo, el Ayuntamiento de Hermosillo atendi\u00f3 vialidades principales y calles de colonias como Palo Verde, Emiliano Zapata, Villa Bonita, Jardines, San Juan, El Jito, El Mariachi, Puerta Real, Villa de Seris, Sonacer, Los Arcos, L\u00f3pez Mateos y Los \u00c1ngeles, adem\u00e1s de sectores del oriente y sur de la ciudad como El Ranchito, Urbi Villas del Cedro y Duna.<\/p>\n<p aria-hidden=\"true\">\n<p>Las acciones tambi\u00e9n incluyeron avenidas estrat\u00e9gicas como los bulevares Rodr\u00edguez, Luis Encinas, Solidaridad, L\u00f3pez Mateos y Vild\u00f3sola, as\u00ed como calles de alta circulaci\u00f3n que conectan con zonas comerciales, residenciales y rurales, con el objetivo de mejorar la movilidad y ofrecer mayor seguridad a las y los automovilistas.<\/p>\n<p aria-hidden=\"true\">\n<p><b>Durante esta jornada se atendieron calles y avenidas de diversos sectores, entre ellos:<\/b><\/p>\n<p>\u2022\u00a0\u00a0\u00a0\u00a0\u00a0\u00a0\u00a0\u00a0\u00a0\u00a0\u00a0\u00a0 Rodr\u00edguez \/ Nayarit y Gast\u00f3n Madrid<\/p>\n<p>\u2022\u00a0\u00a0\u00a0\u00a0\u00a0\u00a0\u00a0\u00a0\u00a0\u00a0\u00a0\u00a0 Luis Encinas \/ Bernardo Reyes y Manuel Radillo<\/p>\n<p>\u2022\u00a0\u00a0\u00a0\u00a0\u00a0\u00a0\u00a0\u00a0\u00a0\u00a0\u00a0\u00a0 Perif\u00e9rico Oriente, entre Jorge Valencia y Presa Falc\u00f3n, de la colonia El Ranchito<\/p>\n<p>\u2022\u00a0\u00a0\u00a0\u00a0\u00a0\u00a0\u00a0\u00a0\u00a0\u00a0\u00a0\u00a0 Solidaridad, entre Francisco Serna y Olivares<\/p>\n<p>\u2022\u00a0\u00a0\u00a0\u00a0\u00a0\u00a0\u00a0\u00a0\u00a0\u00a0\u00a0\u00a0 Santa Cecilia \/ Morelos y Santa M\u00f3nica<\/p>\n<p>\u2022\u00a0\u00a0\u00a0\u00a0\u00a0\u00a0\u00a0\u00a0\u00a0\u00a0\u00a0\u00a0 Jos\u00e9 de Valencia \/ Ram\u00f3n Ballesteros y Jes\u00fas L\u00f3pez, de la colonia Palo Verde<\/p>\n<p>\u2022\u00a0\u00a0\u00a0\u00a0\u00a0\u00a0\u00a0\u00a0\u00a0\u00a0\u00a0\u00a0 Villa Bonita, entre Cagliari y Paseo Benevento<\/p>\n<p>\u2022\u00a0\u00a0\u00a0\u00a0\u00a0\u00a0\u00a0\u00a0\u00a0\u00a0\u00a0\u00a0 Olivares, entre La Colorada y Granados<\/p>\n<p>\u2022\u00a0\u00a0\u00a0\u00a0\u00a0\u00a0\u00a0\u00a0\u00a0\u00a0\u00a0\u00a0 Pedro Baranda, entre Carlos Caturegli y L\u00f3pez del Castillo<\/p>\n<p>\u2022\u00a0\u00a0\u00a0\u00a0\u00a0\u00a0\u00a0\u00a0\u00a0\u00a0\u00a0\u00a0 Pedro Salazar F\u00e9lix, entre Pueblo Bajo y Pueblo del Sol<\/p>\n<p>\u2022\u00a0\u00a0\u00a0\u00a0\u00a0\u00a0\u00a0\u00a0\u00a0\u00a0\u00a0\u00a0 Rosario y Casas Grandes<\/p>\n<p>\u2022\u00a0\u00a0\u00a0\u00a0\u00a0\u00a0\u00a0\u00a0\u00a0\u00a0\u00a0\u00a0 Jes\u00fas L\u00f3pez y Enrique Oliver<\/p>\n<p>\u2022\u00a0\u00a0\u00a0\u00a0\u00a0\u00a0\u00a0\u00a0\u00a0\u00a0\u00a0\u00a0 Costa de Marfil entre Teresa Mac\u00edas y Calzada de Guadalupe<\/p>\n<p>\u2022\u00a0\u00a0\u00a0\u00a0\u00a0\u00a0\u00a0\u00a0\u00a0\u00a0\u00a0\u00a0 California y Vild\u00f3sola<\/p>\n<p>\u2022\u00a0\u00a0\u00a0\u00a0\u00a0\u00a0\u00a0\u00a0\u00a0\u00a0\u00a0\u00a0 Ranchito y Ranchito<\/p>\n<p>\u2022\u00a0\u00a0\u00a0\u00a0\u00a0\u00a0\u00a0\u00a0\u00a0\u00a0\u00a0\u00a0 Puerta de Triana y Privada Caleria<\/p>\n<p>\u2022\u00a0\u00a0\u00a0\u00a0\u00a0\u00a0\u00a0\u00a0\u00a0\u00a0\u00a0\u00a0 Sufragio Efectivo entre Antonia Ruiz y Cruz G\u00e1lvez<\/p>\n<p>\u2022\u00a0\u00a0\u00a0\u00a0\u00a0\u00a0\u00a0\u00a0\u00a0\u00a0\u00a0\u00a0 Juan de Dios Boj\u00f3rquez, entre Mendoza y Cerro del \u00c1guila<\/p>\n<p>\u2022\u00a0\u00a0\u00a0\u00a0\u00a0\u00a0\u00a0\u00a0\u00a0\u00a0\u00a0\u00a0 Francisco V\u00e1zquez Coronado entre Olivares y Bernardino de Sahag\u00fan<\/p>\n<p>\u2022\u00a0\u00a0\u00a0\u00a0\u00a0\u00a0\u00a0\u00a0\u00a0\u00a0\u00a0\u00a0 Antonia Ruiz entre Agust\u00edn de Iturbide e Independencia<\/p>\n<p>\u2022\u00a0\u00a0\u00a0\u00a0\u00a0\u00a0\u00a0\u00a0\u00a0\u00a0\u00a0\u00a0 Tlilt\u00e9petl \/ Izote y Tetakawi<\/p>\n<p>\u2022\u00a0\u00a0\u00a0\u00a0\u00a0\u00a0\u00a0\u00a0\u00a0\u00a0\u00a0\u00a0 Amapolas y Palma, Col. L\u00f3pez Mateos<\/p>\n<p>\u2022\u00a0\u00a0\u00a0\u00a0\u00a0\u00a0\u00a0\u00a0\u00a0\u00a0\u00a0\u00a0 L\u00f3pez Mateos \/ Algodones y Pavo Real<\/p>\n<p>\u2022\u00a0\u00a0\u00a0\u00a0\u00a0\u00a0\u00a0\u00a0\u00a0\u00a0\u00a0\u00a0 San Mart\u00edn Abad \/ La Mirada y Marina Rey<\/p>\n<p>\u2022\u00a0\u00a0\u00a0\u00a0\u00a0\u00a0\u00a0\u00a0\u00a0\u00a0\u00a0\u00a0 Desierto de Altar \/ Playitas y Mar de Cort\u00e9s<\/p>\n","protected":false},"excerpt":{"rendered":"<p>Hermosillo, Sonora; 28 de octubre de 2025.-\u00a0Con el objetivo de mantener en buenas condiciones las vialidades del municipio, tanto en la zona urbana como en las comunidades rurales, el gobierno que encabeza el presidente municipal Antonio Astiazar\u00e1n Guti\u00e9rrez lleva a cabo un programa intensivo de bacheo a trav\u00e9s de la Direcci\u00f3n General de Desarrollo de [&hellip;]<\/p>\n","protected":false},"author":2,"featured_media":233794,"comment_status":"closed","ping_status":"closed","sticky":false,"template":"","format":"standard","meta":{"footnotes":""},"categories":[12870,178],"tags":[12865,12869],"class_list":["post-233793","post","type-post","status-publish","format-standard","has-post-thumbnail","hentry","category-destacadas","category-local","tag-destacadas","tag-local"],"jetpack_featured_media_url":"https:\/\/rnoticias.com.mx\/Portal\/wp-content\/uploads\/2025\/10\/descarga-1-3.png","amp_enabled":true,"_links":{"self":[{"href":"https:\/\/rnoticias.com.mx\/Portal\/wp-json\/wp\/v2\/posts\/233793","targetHints":{"allow":["GET"]}}],"collection":[{"href":"https:\/\/rnoticias.com.mx\/Portal\/wp-json\/wp\/v2\/posts"}],"about":[{"href":"https:\/\/rnoticias.com.mx\/Portal\/wp-json\/wp\/v2\/types\/post"}],"author":[{"embeddable":true,"href":"https:\/\/rnoticias.com.mx\/Portal\/wp-json\/wp\/v2\/users\/2"}],"replies":[{"embeddable":true,"href":"https:\/\/rnoticias.com.mx\/Portal\/wp-json\/wp\/v2\/comments?post=233793"}],"version-history":[{"count":1,"href":"https:\/\/rnoticias.com.mx\/Portal\/wp-json\/wp\/v2\/posts\/233793\/revisions"}],"predecessor-version":[{"id":233795,"href":"https:\/\/rnoticias.com.mx\/Portal\/wp-json\/wp\/v2\/posts\/233793\/revisions\/233795"}],"wp:featuredmedia":[{"embeddable":true,"href":"https:\/\/rnoticias.com.mx\/Portal\/wp-json\/wp\/v2\/media\/233794"}],"wp:attachment":[{"href":"https:\/\/rnoticias.com.mx\/Portal\/wp-json\/wp\/v2\/media?parent=233793"}],"wp:term":[{"taxonomy":"category","embeddable":true,"href":"https:\/\/rnoticias.com.mx\/Portal\/wp-json\/wp\/v2\/categories?post=233793"},{"taxonomy":"post_tag","embeddable":true,"href":"https:\/\/rnoticias.com.mx\/Portal\/wp-json\/wp\/v2\/tags?post=233793"}],"curies":[{"name":"wp","href":"https:\/\/api.w.org\/{rel}","templated":true}]}}