{"id":233780,"date":"2025-10-28T19:15:21","date_gmt":"2025-10-29T02:15:21","guid":{"rendered":"https:\/\/rnoticias.com.mx\/Portal\/?p=233780"},"modified":"2025-10-28T19:15:21","modified_gmt":"2025-10-29T02:15:21","slug":"cierra-bien-el-ano-el-sector-vivienda-en-sonora-canadevi","status":"publish","type":"post","link":"https:\/\/rnoticias.com.mx\/Portal\/2025\/10\/28\/cierra-bien-el-ano-el-sector-vivienda-en-sonora-canadevi\/","title":{"rendered":"Cierra bien el a\u00f1o el sector vivienda en Sonora: Canadevi"},"content":{"rendered":"<p>El presidente de la C\u00e1mara Nacional de la Industria de Desarrollo y Promoci\u00f3n de Vivienda (Canadevi) Sonora, Norberto Larrinaga Buelna, inform\u00f3 que el sector vivienda mantiene un buen ritmo en este 2025.<\/p>\n<p>&nbsp;<\/p>\n<p>Agreg\u00f3, que la expectativa de cerrar el a\u00f1o es de 3,800 casas vendidas en Hermosillo y alrededor de 6,700 a 6,800 en todo el estado, las cuales cifras superiores a las del a\u00f1o anterior.<\/p>\n<p>&nbsp;<\/p>\n<p>\u201cEstamos hablando de viviendas de 850,000 pesos hasta 8 millones de pesos, \u00bfno?\u00a0Claro, los m\u00e1s fuertes, 2 millones de pesos m\u00e1s o menos, \u00bfno?\u00a0De 2 millones para abajo es lo que m\u00e1s est\u00e1 colocando\u201d, afirm\u00f3.<\/p>\n<p>&nbsp;<\/p>\n<p>Coment\u00f3, que las viviendas de valores superiores a los 4 millones han tenido menor demanda debido al impacto de la inflaci\u00f3n y el aumento en los costos financieros, que han reducido el poder adquisitivo de las familias.<\/p>\n<p>&nbsp;<\/p>\n<p>En cuanto al programa Vivienda del Bienestar, Larrinaga Buelna se\u00f1al\u00f3 que el precio se ajust\u00f3 a 630 mil pesos para las unidades en planta baja, y se prev\u00e9 que las primeras viviendas se entreguen en febrero del pr\u00f3ximo a\u00f1o, con el objetivo de que el programa sea un \u00e9xito a nivel nacional.<\/p>\n<p>&nbsp;<\/p>\n<p>&nbsp;<\/p>\n","protected":false},"excerpt":{"rendered":"<p>El presidente de la C\u00e1mara Nacional de la Industria de Desarrollo y Promoci\u00f3n de Vivienda (Canadevi) Sonora, Norberto Larrinaga Buelna, inform\u00f3 que el sector vivienda mantiene un buen ritmo en este 2025. &nbsp; Agreg\u00f3, que la expectativa de cerrar el a\u00f1o es de 3,800 casas vendidas en Hermosillo y alrededor de 6,700 a 6,800 en [&hellip;]<\/p>\n","protected":false},"author":2,"featured_media":233781,"comment_status":"closed","ping_status":"closed","sticky":false,"template":"","format":"standard","meta":{"footnotes":""},"categories":[12870,178],"tags":[12865,12869],"class_list":["post-233780","post","type-post","status-publish","format-standard","has-post-thumbnail","hentry","category-destacadas","category-local","tag-destacadas","tag-local"],"jetpack_featured_media_url":"https:\/\/rnoticias.com.mx\/Portal\/wp-content\/uploads\/2025\/10\/1557705493.jpg","amp_enabled":true,"_links":{"self":[{"href":"https:\/\/rnoticias.com.mx\/Portal\/wp-json\/wp\/v2\/posts\/233780","targetHints":{"allow":["GET"]}}],"collection":[{"href":"https:\/\/rnoticias.com.mx\/Portal\/wp-json\/wp\/v2\/posts"}],"about":[{"href":"https:\/\/rnoticias.com.mx\/Portal\/wp-json\/wp\/v2\/types\/post"}],"author":[{"embeddable":true,"href":"https:\/\/rnoticias.com.mx\/Portal\/wp-json\/wp\/v2\/users\/2"}],"replies":[{"embeddable":true,"href":"https:\/\/rnoticias.com.mx\/Portal\/wp-json\/wp\/v2\/comments?post=233780"}],"version-history":[{"count":1,"href":"https:\/\/rnoticias.com.mx\/Portal\/wp-json\/wp\/v2\/posts\/233780\/revisions"}],"predecessor-version":[{"id":233782,"href":"https:\/\/rnoticias.com.mx\/Portal\/wp-json\/wp\/v2\/posts\/233780\/revisions\/233782"}],"wp:featuredmedia":[{"embeddable":true,"href":"https:\/\/rnoticias.com.mx\/Portal\/wp-json\/wp\/v2\/media\/233781"}],"wp:attachment":[{"href":"https:\/\/rnoticias.com.mx\/Portal\/wp-json\/wp\/v2\/media?parent=233780"}],"wp:term":[{"taxonomy":"category","embeddable":true,"href":"https:\/\/rnoticias.com.mx\/Portal\/wp-json\/wp\/v2\/categories?post=233780"},{"taxonomy":"post_tag","embeddable":true,"href":"https:\/\/rnoticias.com.mx\/Portal\/wp-json\/wp\/v2\/tags?post=233780"}],"curies":[{"name":"wp","href":"https:\/\/api.w.org\/{rel}","templated":true}]}}