{"id":233777,"date":"2025-10-28T19:13:10","date_gmt":"2025-10-29T02:13:10","guid":{"rendered":"https:\/\/rnoticias.com.mx\/Portal\/?p=233777"},"modified":"2025-10-28T19:13:10","modified_gmt":"2025-10-29T02:13:10","slug":"cultura-bike-mexico-refuerza-seguridad-de-miles-de-ciclistas-en-sonora","status":"publish","type":"post","link":"https:\/\/rnoticias.com.mx\/Portal\/2025\/10\/28\/cultura-bike-mexico-refuerza-seguridad-de-miles-de-ciclistas-en-sonora\/","title":{"rendered":"Cultura Bike M\u00e9xico refuerza seguridad de miles de ciclistas en Sonora"},"content":{"rendered":"<p>Con el prop\u00f3sito de fortalecer la seguridad vial y fomentar el uso responsable de la bicicleta, Cultura Bike M\u00e9xico implement\u00f3 el programa \u201cUna Luz para tu Vida Ciclista\u201d.<\/p>\n<p>&nbsp;<\/p>\n<p>El director de Cultura Bike M\u00e9xico, Sebasti\u00e1n Gaxiola G\u00f3mez, inform\u00f3 mediante esa actividad, distribuyen de forma gratuita miles luces reflejantes rojas y blancas que les fueron donadas a ciclistas urbanos de Sonora.<\/p>\n<p>&nbsp;<\/p>\n<p>\u201cFueron muchas, m\u00e1s de dos mil\u00a0quinientas luces, son muchas, imag\u00ednate entregar cien, es\u00a0mucha chamba, pues entonces decidimos compartirlas con otros colectivos\u00a0ciclistas del estado de Sonora. Y yo personalmente me he encargado de, en los\u00a0viajes esos que realizo, de irlas llevando a Nogales, a Santa Ana\u201d, coment\u00f3.<\/p>\n<p>&nbsp;<\/p>\n<p>Detall\u00f3, que la iniciativa busca mejorar la visibilidad de quienes circulan de noche y reducir el riesgo de accidentes, especialmente entre quienes no cuentan con equipo de seguridad b\u00e1sico.<\/p>\n<p>&nbsp;<\/p>\n<p>A\u00f1adi\u00f3, que las luces se destinan principalmente a ciclistas de bajos recursos, conocidos como \u201cde la vieja escuela\u201d en diversos municipios del estado de Sonora.<\/p>\n","protected":false},"excerpt":{"rendered":"<p>Con el prop\u00f3sito de fortalecer la seguridad vial y fomentar el uso responsable de la bicicleta, Cultura Bike M\u00e9xico implement\u00f3 el programa \u201cUna Luz para tu Vida Ciclista\u201d. &nbsp; El director de Cultura Bike M\u00e9xico, Sebasti\u00e1n Gaxiola G\u00f3mez, inform\u00f3 mediante esa actividad, distribuyen de forma gratuita miles luces reflejantes rojas y blancas que les fueron [&hellip;]<\/p>\n","protected":false},"author":2,"featured_media":233778,"comment_status":"closed","ping_status":"closed","sticky":false,"template":"","format":"standard","meta":{"footnotes":""},"categories":[12870,178],"tags":[12865,12869],"class_list":["post-233777","post","type-post","status-publish","format-standard","has-post-thumbnail","hentry","category-destacadas","category-local","tag-destacadas","tag-local"],"jetpack_featured_media_url":"https:\/\/rnoticias.com.mx\/Portal\/wp-content\/uploads\/2025\/10\/34c8610a-7145-4e11-bba5-2601abaf2d5c.jpeg","amp_enabled":true,"_links":{"self":[{"href":"https:\/\/rnoticias.com.mx\/Portal\/wp-json\/wp\/v2\/posts\/233777","targetHints":{"allow":["GET"]}}],"collection":[{"href":"https:\/\/rnoticias.com.mx\/Portal\/wp-json\/wp\/v2\/posts"}],"about":[{"href":"https:\/\/rnoticias.com.mx\/Portal\/wp-json\/wp\/v2\/types\/post"}],"author":[{"embeddable":true,"href":"https:\/\/rnoticias.com.mx\/Portal\/wp-json\/wp\/v2\/users\/2"}],"replies":[{"embeddable":true,"href":"https:\/\/rnoticias.com.mx\/Portal\/wp-json\/wp\/v2\/comments?post=233777"}],"version-history":[{"count":1,"href":"https:\/\/rnoticias.com.mx\/Portal\/wp-json\/wp\/v2\/posts\/233777\/revisions"}],"predecessor-version":[{"id":233779,"href":"https:\/\/rnoticias.com.mx\/Portal\/wp-json\/wp\/v2\/posts\/233777\/revisions\/233779"}],"wp:featuredmedia":[{"embeddable":true,"href":"https:\/\/rnoticias.com.mx\/Portal\/wp-json\/wp\/v2\/media\/233778"}],"wp:attachment":[{"href":"https:\/\/rnoticias.com.mx\/Portal\/wp-json\/wp\/v2\/media?parent=233777"}],"wp:term":[{"taxonomy":"category","embeddable":true,"href":"https:\/\/rnoticias.com.mx\/Portal\/wp-json\/wp\/v2\/categories?post=233777"},{"taxonomy":"post_tag","embeddable":true,"href":"https:\/\/rnoticias.com.mx\/Portal\/wp-json\/wp\/v2\/tags?post=233777"}],"curies":[{"name":"wp","href":"https:\/\/api.w.org\/{rel}","templated":true}]}}