{"id":233774,"date":"2025-10-28T19:08:03","date_gmt":"2025-10-29T02:08:03","guid":{"rendered":"https:\/\/rnoticias.com.mx\/Portal\/?p=233774"},"modified":"2025-10-28T19:08:03","modified_gmt":"2025-10-29T02:08:03","slug":"fundacion-don-jorge-invita-a-la-caravana-de-salud-comunitaria-en-hermosillo","status":"publish","type":"post","link":"https:\/\/rnoticias.com.mx\/Portal\/2025\/10\/28\/fundacion-don-jorge-invita-a-la-caravana-de-salud-comunitaria-en-hermosillo\/","title":{"rendered":"Fundaci\u00f3n Don Jorge invita a la Caravana de Salud Comunitaria en Hermosillo"},"content":{"rendered":"<p>Con el objetivo de acercar servicios m\u00e9dicos y de bienestar a las familias de Hermosillo, la Fundaci\u00f3n Don Jorge Aguilar Heredia realizar\u00e1 la Caravana de Salud Comunitaria el pr\u00f3ximo viernes 31 de octubre de 2025, en las instalaciones del CIF Altares, Comedor Fundaci\u00f3n Navarrete y Guerrero.<\/p>\n<p>&nbsp;<\/p>\n<p>Elena G\u00e1mez Romero, Coordinadora Operativa de Fundaci\u00f3n Don Jorge y Responsabilidad Social Zona Norte, inform\u00f3 que la jornada se llevar\u00e1 a cabo de las 9:00 horas a 12:30 del mediod\u00eda.<\/p>\n<p>&nbsp;<\/p>\n<p>\u201cEn esta nueva caravana de salud vamos a ofrecer de manera gratuita consultas m\u00e9dicas, pruebas de glucosa y presi\u00f3n arterial, vacunaci\u00f3n para ni\u00f1os y adultos, orientaci\u00f3n nutricional, servicios dentales, ex\u00e1menes de la vista, corte de cabello, m\u00f3dulo de salud bucal e informaci\u00f3n sobre el VIH, entre otros apoyos\u201d, dijo.<\/p>\n<p>&nbsp;<\/p>\n<p>Adem\u00e1s, se contar\u00e1 con canalizaci\u00f3n de paquetes nutricionales por parte de Banco de Alimentos Hermosillo, un bazar comunitario y atenci\u00f3n especial para mascotas con vacunaci\u00f3n antirr\u00e1bica y desparasitaci\u00f3n.<\/p>\n<p>&nbsp;<\/p>\n<p>G\u00e1mez Romero destac\u00f3 que este tipo de actividades refuerzan el compromiso de la fundaci\u00f3n con el bienestar integral y la salud preventiva de las comunidades del sur de la ciudad.<\/p>\n","protected":false},"excerpt":{"rendered":"<p>Con el objetivo de acercar servicios m\u00e9dicos y de bienestar a las familias de Hermosillo, la Fundaci\u00f3n Don Jorge Aguilar Heredia realizar\u00e1 la Caravana de Salud Comunitaria el pr\u00f3ximo viernes 31 de octubre de 2025, en las instalaciones del CIF Altares, Comedor Fundaci\u00f3n Navarrete y Guerrero. &nbsp; Elena G\u00e1mez Romero, Coordinadora Operativa de Fundaci\u00f3n Don [&hellip;]<\/p>\n","protected":false},"author":2,"featured_media":233775,"comment_status":"closed","ping_status":"closed","sticky":false,"template":"","format":"standard","meta":{"footnotes":""},"categories":[12870,178],"tags":[12865,12869],"class_list":["post-233774","post","type-post","status-publish","format-standard","has-post-thumbnail","hentry","category-destacadas","category-local","tag-destacadas","tag-local"],"jetpack_featured_media_url":"https:\/\/rnoticias.com.mx\/Portal\/wp-content\/uploads\/2025\/10\/574312137_1241621717993051_2789179670950693307_n.jpg","amp_enabled":true,"_links":{"self":[{"href":"https:\/\/rnoticias.com.mx\/Portal\/wp-json\/wp\/v2\/posts\/233774","targetHints":{"allow":["GET"]}}],"collection":[{"href":"https:\/\/rnoticias.com.mx\/Portal\/wp-json\/wp\/v2\/posts"}],"about":[{"href":"https:\/\/rnoticias.com.mx\/Portal\/wp-json\/wp\/v2\/types\/post"}],"author":[{"embeddable":true,"href":"https:\/\/rnoticias.com.mx\/Portal\/wp-json\/wp\/v2\/users\/2"}],"replies":[{"embeddable":true,"href":"https:\/\/rnoticias.com.mx\/Portal\/wp-json\/wp\/v2\/comments?post=233774"}],"version-history":[{"count":1,"href":"https:\/\/rnoticias.com.mx\/Portal\/wp-json\/wp\/v2\/posts\/233774\/revisions"}],"predecessor-version":[{"id":233776,"href":"https:\/\/rnoticias.com.mx\/Portal\/wp-json\/wp\/v2\/posts\/233774\/revisions\/233776"}],"wp:featuredmedia":[{"embeddable":true,"href":"https:\/\/rnoticias.com.mx\/Portal\/wp-json\/wp\/v2\/media\/233775"}],"wp:attachment":[{"href":"https:\/\/rnoticias.com.mx\/Portal\/wp-json\/wp\/v2\/media?parent=233774"}],"wp:term":[{"taxonomy":"category","embeddable":true,"href":"https:\/\/rnoticias.com.mx\/Portal\/wp-json\/wp\/v2\/categories?post=233774"},{"taxonomy":"post_tag","embeddable":true,"href":"https:\/\/rnoticias.com.mx\/Portal\/wp-json\/wp\/v2\/tags?post=233774"}],"curies":[{"name":"wp","href":"https:\/\/api.w.org\/{rel}","templated":true}]}}