{"id":233771,"date":"2025-10-28T19:06:13","date_gmt":"2025-10-29T02:06:13","guid":{"rendered":"https:\/\/rnoticias.com.mx\/Portal\/?p=233771"},"modified":"2025-10-28T19:06:13","modified_gmt":"2025-10-29T02:06:13","slug":"avanza-limpieza-en-panteones-locales-para-dia-de-muertos-en-hermosillo","status":"publish","type":"post","link":"https:\/\/rnoticias.com.mx\/Portal\/2025\/10\/28\/avanza-limpieza-en-panteones-locales-para-dia-de-muertos-en-hermosillo\/","title":{"rendered":"Avanza limpieza en panteones locales para Dia de Muertos en Hermosillo"},"content":{"rendered":"<p>Hermosillo, Sonora. Con el objetivo de recibir a miles de visitantes durante las pr\u00f3ximas festividades del D\u00eda de Muertos, el Ayuntamiento de Hermosillo inform\u00f3 que los trabajos de mantenimiento en los panteones municipales registran un avance del 83 %.<\/p>\n<p>&nbsp;<\/p>\n<p>El titular del \u00e1rea, Sergio Pavlovich Escalante, destac\u00f3 que trav\u00e9s de la Direcci\u00f3n de Servicios P\u00fablicos Municipales, se han retirado m\u00e1s de 160 toneladas de maleza, ramas y desechos acumulados en los cementerios Y\u00e1\u00f1ez, Sahuaro, Palo Verde y La Manga, entre otros.<\/p>\n<p>\u201cLas cuadrillas intensificaron las labores desde mediados de septiembre, realizando corte de hierba, poda de \u00e1rboles, limpieza de pasillos y retiro de escombros. Tras las recientes lluvias, algunos sectores recibieron una segunda ronda de atenci\u00f3n para garantizar espacios ordenados y seguros\u201d, cont\u00f3.<\/p>\n<p>El funcionario se\u00f1al\u00f3 que el operativo se mantendr\u00e1 activo hasta el fin de semana previo al 2 de noviembre, con personal disponible para la recolecci\u00f3n de residuos y la supervisi\u00f3n continua durante los d\u00edas de mayor afluencia.<\/p>\n<p>&nbsp;<\/p>\n<p>El prop\u00f3sito, dijo, es ofrecer a las familias un entorno digno y limpio donde recordar a sus seres queridos.<\/p>\n<p>&nbsp;<\/p>\n","protected":false},"excerpt":{"rendered":"<p>Hermosillo, Sonora. Con el objetivo de recibir a miles de visitantes durante las pr\u00f3ximas festividades del D\u00eda de Muertos, el Ayuntamiento de Hermosillo inform\u00f3 que los trabajos de mantenimiento en los panteones municipales registran un avance del 83 %. &nbsp; El titular del \u00e1rea, Sergio Pavlovich Escalante, destac\u00f3 que trav\u00e9s de la Direcci\u00f3n de Servicios [&hellip;]<\/p>\n","protected":false},"author":2,"featured_media":233772,"comment_status":"closed","ping_status":"closed","sticky":false,"template":"","format":"standard","meta":{"footnotes":""},"categories":[12870,178],"tags":[12865,12869],"class_list":["post-233771","post","type-post","status-publish","format-standard","has-post-thumbnail","hentry","category-destacadas","category-local","tag-destacadas","tag-local"],"jetpack_featured_media_url":"https:\/\/rnoticias.com.mx\/Portal\/wp-content\/uploads\/2025\/10\/mantienen_cuadrillas_de_limpieza_en_los_panteones_de_ahome_1_1.jpg_346753400.webp","amp_enabled":true,"_links":{"self":[{"href":"https:\/\/rnoticias.com.mx\/Portal\/wp-json\/wp\/v2\/posts\/233771","targetHints":{"allow":["GET"]}}],"collection":[{"href":"https:\/\/rnoticias.com.mx\/Portal\/wp-json\/wp\/v2\/posts"}],"about":[{"href":"https:\/\/rnoticias.com.mx\/Portal\/wp-json\/wp\/v2\/types\/post"}],"author":[{"embeddable":true,"href":"https:\/\/rnoticias.com.mx\/Portal\/wp-json\/wp\/v2\/users\/2"}],"replies":[{"embeddable":true,"href":"https:\/\/rnoticias.com.mx\/Portal\/wp-json\/wp\/v2\/comments?post=233771"}],"version-history":[{"count":1,"href":"https:\/\/rnoticias.com.mx\/Portal\/wp-json\/wp\/v2\/posts\/233771\/revisions"}],"predecessor-version":[{"id":233773,"href":"https:\/\/rnoticias.com.mx\/Portal\/wp-json\/wp\/v2\/posts\/233771\/revisions\/233773"}],"wp:featuredmedia":[{"embeddable":true,"href":"https:\/\/rnoticias.com.mx\/Portal\/wp-json\/wp\/v2\/media\/233772"}],"wp:attachment":[{"href":"https:\/\/rnoticias.com.mx\/Portal\/wp-json\/wp\/v2\/media?parent=233771"}],"wp:term":[{"taxonomy":"category","embeddable":true,"href":"https:\/\/rnoticias.com.mx\/Portal\/wp-json\/wp\/v2\/categories?post=233771"},{"taxonomy":"post_tag","embeddable":true,"href":"https:\/\/rnoticias.com.mx\/Portal\/wp-json\/wp\/v2\/tags?post=233771"}],"curies":[{"name":"wp","href":"https:\/\/api.w.org\/{rel}","templated":true}]}}