{"id":233749,"date":"2025-10-28T17:13:33","date_gmt":"2025-10-29T00:13:33","guid":{"rendered":"https:\/\/rnoticias.com.mx\/Portal\/?p=233749"},"modified":"2025-10-28T17:13:33","modified_gmt":"2025-10-29T00:13:33","slug":"gobierno-de-sonora-a-traves-de-proteccion-civil-cumple-con-revision-de-preescolares-y-guarderias","status":"publish","type":"post","link":"https:\/\/rnoticias.com.mx\/Portal\/2025\/10\/28\/gobierno-de-sonora-a-traves-de-proteccion-civil-cumple-con-revision-de-preescolares-y-guarderias\/","title":{"rendered":"Gobierno de Sonora a trav\u00e9s de Protecci\u00f3n Civil cumple con revisi\u00f3n de preescolares y guarder\u00edas"},"content":{"rendered":"<p>Hermosillo, Sonora; 28 de octubre de 2025.- La Coordinaci\u00f3n Estatal de Protecci\u00f3n Civil (CEPC) ha cumplido en este a\u00f1o con su plan de revisi\u00f3n de guarder\u00edas y preescolares en la entidad. Como parte de las inspecciones que se han realizado, se han impuesto siete suspensiones temporales debido a diversas observaciones detectadas.<\/p>\n<p>Recientemente el personal de la Direcci\u00f3n de Inspecci\u00f3n y Vigilancia de la CEPC realiz\u00f3 visitas a preescolares en San Luis R\u00edo Colorado, donde se suspendi\u00f3 temporalmente uno de ellos, por diferentes observaciones que fueron posteriormente solventadas.<\/p>\n<p>Adem\u00e1s de realizar inspecciones de manera ordinaria, tambi\u00e9n se han realizado revisiones extraordinarias, \u00e9stas por denuncias presentadas por la poblaci\u00f3n, de tal forma que son dos los preescolares y guarder\u00edas infantiles que han sido suspendidas temporalmente en revisiones ordinarias y cinco en revisiones extraordinarias.<\/p>\n<p>Las estancias infantiles y guarder\u00edas que han sido suspendidas temporalmente, en tanto solventaban las observaciones, fueron dos en Hermosillo, dos en Cajeme, una en Nogales, una en Guaymas y otra en San Luis R\u00edo Colorado. Todas solventaron las observaciones y han vuelto a operar.<\/p>\n<p>En total son 200 guarder\u00edas las que han sido inspeccionadas como parte del Plan Anual y cuatro que han sido inspeccionadas de manera extraordinaria en este 2025. Mientras que en el caso de preescolares se han inspeccionado 90 de manera ordinaria y 17 de manera extraordinaria.<\/p>\n<p>La Direcci\u00f3n de Inspecci\u00f3n y Vigilancia de la CEPC, en estos \u00faltimos d\u00edas de octubre y primeros de noviembre, continuar\u00e1 con su plan de revisi\u00f3n de preescolares en la entidad, como parte de las constantes acciones de vigilancia para salvaguardar la integridad de ni\u00f1as y ni\u00f1os en Sonora.<\/p>\n<p>Entre las principales irregularidades que se encontraron en las guarder\u00edas y preescolares que se han suspendido temporalmente, en tanto solventaban las observaciones, estaban; Falta de se\u00f1alizaci\u00f3n, de dict\u00e1menes el\u00e9ctricos, de dict\u00e1menes estructurales o de capacitaci\u00f3n del personal.<\/p>\n","protected":false},"excerpt":{"rendered":"<p>Hermosillo, Sonora; 28 de octubre de 2025.- La Coordinaci\u00f3n Estatal de Protecci\u00f3n Civil (CEPC) ha cumplido en este a\u00f1o con su plan de revisi\u00f3n de guarder\u00edas y preescolares en la entidad. Como parte de las inspecciones que se han realizado, se han impuesto siete suspensiones temporales debido a diversas observaciones detectadas. Recientemente el personal de [&hellip;]<\/p>\n","protected":false},"author":2,"featured_media":233750,"comment_status":"closed","ping_status":"closed","sticky":false,"template":"","format":"standard","meta":{"footnotes":""},"categories":[12870,178],"tags":[12865,12869],"class_list":["post-233749","post","type-post","status-publish","format-standard","has-post-thumbnail","hentry","category-destacadas","category-local","tag-destacadas","tag-local"],"jetpack_featured_media_url":"https:\/\/rnoticias.com.mx\/Portal\/wp-content\/uploads\/2025\/10\/45-1.jpg","amp_enabled":true,"_links":{"self":[{"href":"https:\/\/rnoticias.com.mx\/Portal\/wp-json\/wp\/v2\/posts\/233749","targetHints":{"allow":["GET"]}}],"collection":[{"href":"https:\/\/rnoticias.com.mx\/Portal\/wp-json\/wp\/v2\/posts"}],"about":[{"href":"https:\/\/rnoticias.com.mx\/Portal\/wp-json\/wp\/v2\/types\/post"}],"author":[{"embeddable":true,"href":"https:\/\/rnoticias.com.mx\/Portal\/wp-json\/wp\/v2\/users\/2"}],"replies":[{"embeddable":true,"href":"https:\/\/rnoticias.com.mx\/Portal\/wp-json\/wp\/v2\/comments?post=233749"}],"version-history":[{"count":1,"href":"https:\/\/rnoticias.com.mx\/Portal\/wp-json\/wp\/v2\/posts\/233749\/revisions"}],"predecessor-version":[{"id":233751,"href":"https:\/\/rnoticias.com.mx\/Portal\/wp-json\/wp\/v2\/posts\/233749\/revisions\/233751"}],"wp:featuredmedia":[{"embeddable":true,"href":"https:\/\/rnoticias.com.mx\/Portal\/wp-json\/wp\/v2\/media\/233750"}],"wp:attachment":[{"href":"https:\/\/rnoticias.com.mx\/Portal\/wp-json\/wp\/v2\/media?parent=233749"}],"wp:term":[{"taxonomy":"category","embeddable":true,"href":"https:\/\/rnoticias.com.mx\/Portal\/wp-json\/wp\/v2\/categories?post=233749"},{"taxonomy":"post_tag","embeddable":true,"href":"https:\/\/rnoticias.com.mx\/Portal\/wp-json\/wp\/v2\/tags?post=233749"}],"curies":[{"name":"wp","href":"https:\/\/api.w.org\/{rel}","templated":true}]}}