{"id":233743,"date":"2025-10-28T16:08:44","date_gmt":"2025-10-28T23:08:44","guid":{"rendered":"https:\/\/rnoticias.com.mx\/Portal\/?p=233743"},"modified":"2025-10-28T16:08:44","modified_gmt":"2025-10-28T23:08:44","slug":"sensibiliza-gobierno-de-sonora-a-madres-de-familia-y-estudiantes-sobre-prevencion-de-violencia-en-molino-de-camou","status":"publish","type":"post","link":"https:\/\/rnoticias.com.mx\/Portal\/2025\/10\/28\/sensibiliza-gobierno-de-sonora-a-madres-de-familia-y-estudiantes-sobre-prevencion-de-violencia-en-molino-de-camou\/","title":{"rendered":"Sensibiliza Gobierno de Sonora a madres de familia y estudiantes sobre prevenci\u00f3n de violencia en Molino de Camou"},"content":{"rendered":"<p>Hermosillo, Sonora; 28 de octubre de 2025.- Con el prop\u00f3sito de fomentar entornos familiares m\u00e1s seguros y saludables, el Gobierno de Sonora, a trav\u00e9s del Sistema SALVA de la Secretar\u00eda de Seguridad P\u00fablica (SSP), llev\u00f3 a cabo una jornada de sensibilizaci\u00f3n dirigida a madres de familia en la comunidad de Molino de Camou.<\/p>\n<p>Durante la actividad, se abordaron los tipos de violencia que pueden presentarse en el hogar, la escuela o la comunidad, adem\u00e1s de compartirse herramientas preventivas, como el uso del violent\u00f3metro, una gu\u00eda pr\u00e1ctica que ayuda a identificar conductas agresivas desde sus primeras manifestaciones.<\/p>\n<p>Asimismo, se explic\u00f3 el funcionamiento de la aplicaci\u00f3n m\u00f3vil Mujeres Seguras, que permite solicitar ayuda inmediata en caso de encontrarse en una situaci\u00f3n de riesgo. Tambi\u00e9n se present\u00f3 el programa Zona SALVA, una red de espacios seguros donde las personas pueden resguardarse y recibir apoyo oportuno de las autoridades o de la comunidad en momentos de vulnerabilidad.<\/p>\n<p>En ese mismo sentido, personal de la SSP sostuvo un encuentro con estudiantes de la Telesecundaria Molino de Camou, a quienes se brind\u00f3 informaci\u00f3n sobre la prevenci\u00f3n de la violencia escolar, la importancia del respeto, la empat\u00eda y la comunicaci\u00f3n, as\u00ed como los canales disponibles para pedir ayuda.<\/p>\n<p>El Gobierno de Sonora reitera su compromiso con la prevenci\u00f3n de la violencia y la promoci\u00f3n de una cultura de paz.<\/p>\n","protected":false},"excerpt":{"rendered":"<p>Hermosillo, Sonora; 28 de octubre de 2025.- Con el prop\u00f3sito de fomentar entornos familiares m\u00e1s seguros y saludables, el Gobierno de Sonora, a trav\u00e9s del Sistema SALVA de la Secretar\u00eda de Seguridad P\u00fablica (SSP), llev\u00f3 a cabo una jornada de sensibilizaci\u00f3n dirigida a madres de familia en la comunidad de Molino de Camou. Durante la [&hellip;]<\/p>\n","protected":false},"author":2,"featured_media":233744,"comment_status":"closed","ping_status":"closed","sticky":false,"template":"","format":"standard","meta":{"footnotes":""},"categories":[12870,178],"tags":[12865,12869],"class_list":["post-233743","post","type-post","status-publish","format-standard","has-post-thumbnail","hentry","category-destacadas","category-local","tag-destacadas","tag-local"],"jetpack_featured_media_url":"https:\/\/rnoticias.com.mx\/Portal\/wp-content\/uploads\/2025\/10\/unnamed-85.jpg","amp_enabled":true,"_links":{"self":[{"href":"https:\/\/rnoticias.com.mx\/Portal\/wp-json\/wp\/v2\/posts\/233743","targetHints":{"allow":["GET"]}}],"collection":[{"href":"https:\/\/rnoticias.com.mx\/Portal\/wp-json\/wp\/v2\/posts"}],"about":[{"href":"https:\/\/rnoticias.com.mx\/Portal\/wp-json\/wp\/v2\/types\/post"}],"author":[{"embeddable":true,"href":"https:\/\/rnoticias.com.mx\/Portal\/wp-json\/wp\/v2\/users\/2"}],"replies":[{"embeddable":true,"href":"https:\/\/rnoticias.com.mx\/Portal\/wp-json\/wp\/v2\/comments?post=233743"}],"version-history":[{"count":1,"href":"https:\/\/rnoticias.com.mx\/Portal\/wp-json\/wp\/v2\/posts\/233743\/revisions"}],"predecessor-version":[{"id":233745,"href":"https:\/\/rnoticias.com.mx\/Portal\/wp-json\/wp\/v2\/posts\/233743\/revisions\/233745"}],"wp:featuredmedia":[{"embeddable":true,"href":"https:\/\/rnoticias.com.mx\/Portal\/wp-json\/wp\/v2\/media\/233744"}],"wp:attachment":[{"href":"https:\/\/rnoticias.com.mx\/Portal\/wp-json\/wp\/v2\/media?parent=233743"}],"wp:term":[{"taxonomy":"category","embeddable":true,"href":"https:\/\/rnoticias.com.mx\/Portal\/wp-json\/wp\/v2\/categories?post=233743"},{"taxonomy":"post_tag","embeddable":true,"href":"https:\/\/rnoticias.com.mx\/Portal\/wp-json\/wp\/v2\/tags?post=233743"}],"curies":[{"name":"wp","href":"https:\/\/api.w.org\/{rel}","templated":true}]}}