{"id":233737,"date":"2025-10-28T16:06:16","date_gmt":"2025-10-28T23:06:16","guid":{"rendered":"https:\/\/rnoticias.com.mx\/Portal\/?p=233737"},"modified":"2025-10-28T16:06:16","modified_gmt":"2025-10-28T23:06:16","slug":"inspira-valeria-de-la-torre-con-el-tema-resiliencia-en-fragmentos-en-el-tercer-congreso-de-la-familia","status":"publish","type":"post","link":"https:\/\/rnoticias.com.mx\/Portal\/2025\/10\/28\/inspira-valeria-de-la-torre-con-el-tema-resiliencia-en-fragmentos-en-el-tercer-congreso-de-la-familia\/","title":{"rendered":"Inspira Valeria de la Torre con el tema \u201cResiliencia en fragmentos\u201d en el Tercer Congreso de la Familia"},"content":{"rendered":"<p>Hermosillo, Sonora; 28 de octubre de 2025.- Como parte del Tercer Congreso de la Familia, organizado por el Sistema DIF Hermosillo, Valeria de la Torre ofreci\u00f3 la conferencia \u201cResiliencia en fragmentos\u201d, un testimonio de fortaleza y prop\u00f3sito en el que relat\u00f3 c\u00f3mo un accidente en 2024 que cambi\u00f3 su vida y la llev\u00f3 a un proceso de recuperaci\u00f3n integral, incluida la colocaci\u00f3n de pr\u00f3tesis de alta movilidad.<\/p>\n<p>\u201cYo ese 8 de diciembre no eleg\u00ed perder mis piernas, pero yo ese d\u00eda s\u00ed eleg\u00ed seguir adelante, s\u00ed eleg\u00ed aferrarme a mis sue\u00f1os y s\u00ed eleg\u00ed disfrutar del proceso y s\u00ed yo quiero que algo ustedes se puedan llevar de escucharme el d\u00eda de hoy es que ustedes tienen ese mismo poder, el poder de elegir el poder de so\u00f1ar y el poder de caminar su camino con presencia y con conciencia\u201d, manifest\u00f3.<\/p>\n<p>Enfatiz\u00f3 que no sabemos qu\u00e9 monta\u00f1as nos va a poner la vida enfrente, pero lo que s\u00ed debemos todos de saber es que tenemos todo lo que necesitamos dentro de nosotros para lograr subirlas.<\/p>\n<p>Narr\u00f3 que, tras superar d\u00edas cr\u00edticos y m\u00faltiples cirug\u00edas, eligi\u00f3 \u201csubir la monta\u00f1a\u201d de su nueva realidad, apoy\u00e1ndose en su familia, amistades y personal m\u00e9dico, y en una campa\u00f1a de recaudaci\u00f3n que le permiti\u00f3 acceder a dispositivos prot\u00e9sicos para retomar una vida activa.<\/p>\n<p>Al dirigirse a las y los asistentes, subray\u00f3 tres lecciones centrales: elegir la respuesta ante lo incierto, porque no siempre se controla lo que sucede, pero s\u00ed la forma de enfrentarlo; hacer de los sue\u00f1os una br\u00fajula; y disfrutar el proceso, debido a que la felicidad puede hallarse en cada paso del camino, con presencia y conciencia.<\/p>\n<p>\u201cNo podemos controlar lo que nos pasa, pero s\u00ed c\u00f3mo lo vamos a enfrentar\u201d, expres\u00f3 De la Torre, al invitar a identificar aquello que a cada persona \u201cla hace sentir viva\u201d y a sostenerse en su comunidad cercana.<\/p>\n","protected":false},"excerpt":{"rendered":"<p>Hermosillo, Sonora; 28 de octubre de 2025.- Como parte del Tercer Congreso de la Familia, organizado por el Sistema DIF Hermosillo, Valeria de la Torre ofreci\u00f3 la conferencia \u201cResiliencia en fragmentos\u201d, un testimonio de fortaleza y prop\u00f3sito en el que relat\u00f3 c\u00f3mo un accidente en 2024 que cambi\u00f3 su vida y la llev\u00f3 a un [&hellip;]<\/p>\n","protected":false},"author":2,"featured_media":233738,"comment_status":"closed","ping_status":"closed","sticky":false,"template":"","format":"standard","meta":{"footnotes":""},"categories":[12870,178],"tags":[12865,12869],"class_list":["post-233737","post","type-post","status-publish","format-standard","has-post-thumbnail","hentry","category-destacadas","category-local","tag-destacadas","tag-local"],"jetpack_featured_media_url":"https:\/\/rnoticias.com.mx\/Portal\/wp-content\/uploads\/2025\/10\/b993d0ad-8f38-4863-82f5-f152847d7838-scaled.jpeg","amp_enabled":true,"_links":{"self":[{"href":"https:\/\/rnoticias.com.mx\/Portal\/wp-json\/wp\/v2\/posts\/233737","targetHints":{"allow":["GET"]}}],"collection":[{"href":"https:\/\/rnoticias.com.mx\/Portal\/wp-json\/wp\/v2\/posts"}],"about":[{"href":"https:\/\/rnoticias.com.mx\/Portal\/wp-json\/wp\/v2\/types\/post"}],"author":[{"embeddable":true,"href":"https:\/\/rnoticias.com.mx\/Portal\/wp-json\/wp\/v2\/users\/2"}],"replies":[{"embeddable":true,"href":"https:\/\/rnoticias.com.mx\/Portal\/wp-json\/wp\/v2\/comments?post=233737"}],"version-history":[{"count":1,"href":"https:\/\/rnoticias.com.mx\/Portal\/wp-json\/wp\/v2\/posts\/233737\/revisions"}],"predecessor-version":[{"id":233739,"href":"https:\/\/rnoticias.com.mx\/Portal\/wp-json\/wp\/v2\/posts\/233737\/revisions\/233739"}],"wp:featuredmedia":[{"embeddable":true,"href":"https:\/\/rnoticias.com.mx\/Portal\/wp-json\/wp\/v2\/media\/233738"}],"wp:attachment":[{"href":"https:\/\/rnoticias.com.mx\/Portal\/wp-json\/wp\/v2\/media?parent=233737"}],"wp:term":[{"taxonomy":"category","embeddable":true,"href":"https:\/\/rnoticias.com.mx\/Portal\/wp-json\/wp\/v2\/categories?post=233737"},{"taxonomy":"post_tag","embeddable":true,"href":"https:\/\/rnoticias.com.mx\/Portal\/wp-json\/wp\/v2\/tags?post=233737"}],"curies":[{"name":"wp","href":"https:\/\/api.w.org\/{rel}","templated":true}]}}