{"id":233734,"date":"2025-10-28T16:03:46","date_gmt":"2025-10-28T23:03:46","guid":{"rendered":"https:\/\/rnoticias.com.mx\/Portal\/?p=233734"},"modified":"2025-10-28T16:03:46","modified_gmt":"2025-10-28T23:03:46","slug":"impulsa-diputado-rene-garcia-atencion-integral-contra-las-adicciones","status":"publish","type":"post","link":"https:\/\/rnoticias.com.mx\/Portal\/2025\/10\/28\/impulsa-diputado-rene-garcia-atencion-integral-contra-las-adicciones\/","title":{"rendered":"Impulsa diputado Ren\u00e9 Garc\u00eda atenci\u00f3n integral contra las adicciones"},"content":{"rendered":"<p>Hermosillo, Sonora; 28 de octubre de 2025.- Con el prop\u00f3sito de consolidar una cultura de salud mental, autocuidado, educaci\u00f3n emocional y corresponsabilidad comunitaria, el diputado Ren\u00e9 Garc\u00eda Rojo (PT) present\u00f3 una iniciativa de reforma a la Ley de Prevenci\u00f3n, Tratamiento, Rehabilitaci\u00f3n y Control de Adicciones.<\/p>\n<p>Durante la sesi\u00f3n ordinaria de este martes, el legislador explic\u00f3 que la propuesta busca armonizar la legislaci\u00f3n estatal con la Ley General de Salud, la cual, tras su reforma en 2022, incorpor\u00f3 de un enfoque integral de salud mental y adicciones bajo los principios de universalidad, equidad, no estigmatizaci\u00f3n y atenci\u00f3n comunitaria.<\/p>\n<p>Garc\u00eda Rojo destac\u00f3 que la iniciativa representa un paso importante hacia la construcci\u00f3n de un sistema de atenci\u00f3n m\u00e1s humano y efectivo, que priorice la prevenci\u00f3n, el acompa\u00f1amiento y la rehabilitaci\u00f3n.<\/p>\n<p>La propuesta actualiza conceptos fundamentales, como el de \u201cadicci\u00f3n o trastorno adictivo\u201d, para incluir las llamadas adicciones conductuales, entre ellas la ludopat\u00eda o el uso problem\u00e1tico de videojuegos y redes sociales. Asimismo, define los productos de nicotina y tabaco conforme al marco federal, con el fin de dar mayor claridad y coherencia a las disposiciones locales.<\/p>\n<p>En materia educativa, busca que las escuelas fortalezcan los programas de acompa\u00f1amiento psicoeducativo, detecci\u00f3n temprana e intervenci\u00f3n breve, promoviendo el respeto a la confidencialidad de los estudiantes y evitando cualquier tipo de sanci\u00f3n o estigmatizaci\u00f3n.<\/p>\n<p>El legislador subray\u00f3 que tambi\u00e9n se actualizan disposiciones referentes a los centros de rehabilitaci\u00f3n, los cuales deber\u00e1n cumplir con la Norma Oficial Mexicana correspondiente, inscribirse en un padr\u00f3n p\u00fablico y operar bajo estricta supervisi\u00f3n sanitaria, a fin de garantizar condiciones dignas y seguras para las personas que reciben tratamiento.<\/p>\n<p>Tambi\u00e9n se crea la Historia Cl\u00ednica \u00danica Estatal, interoperable con el Sistema Estatal de Informaci\u00f3n en Salud Mental y Adicciones, para asegurar continuidad de atenci\u00f3n, trazabilidad de casos y transparencia en los resultados.<\/p>\n<p>La iniciativa fue turnada a la Comisi\u00f3n de Justicia y Derechos Humanos para su an\u00e1lisis y dictaminaci\u00f3n.<\/p>\n","protected":false},"excerpt":{"rendered":"<p>Hermosillo, Sonora; 28 de octubre de 2025.- Con el prop\u00f3sito de consolidar una cultura de salud mental, autocuidado, educaci\u00f3n emocional y corresponsabilidad comunitaria, el diputado Ren\u00e9 Garc\u00eda Rojo (PT) present\u00f3 una iniciativa de reforma a la Ley de Prevenci\u00f3n, Tratamiento, Rehabilitaci\u00f3n y Control de Adicciones. Durante la sesi\u00f3n ordinaria de este martes, el legislador explic\u00f3 [&hellip;]<\/p>\n","protected":false},"author":2,"featured_media":233735,"comment_status":"closed","ping_status":"closed","sticky":false,"template":"","format":"standard","meta":{"footnotes":""},"categories":[12870,12868],"tags":[12865,12879],"class_list":["post-233734","post","type-post","status-publish","format-standard","has-post-thumbnail","hentry","category-destacadas","category-politica","tag-destacadas","tag-politica"],"jetpack_featured_media_url":"https:\/\/rnoticias.com.mx\/Portal\/wp-content\/uploads\/2025\/10\/c1f80dd2-6220-42d4-8e53-e9e3239e0bbc.jpeg","amp_enabled":true,"_links":{"self":[{"href":"https:\/\/rnoticias.com.mx\/Portal\/wp-json\/wp\/v2\/posts\/233734","targetHints":{"allow":["GET"]}}],"collection":[{"href":"https:\/\/rnoticias.com.mx\/Portal\/wp-json\/wp\/v2\/posts"}],"about":[{"href":"https:\/\/rnoticias.com.mx\/Portal\/wp-json\/wp\/v2\/types\/post"}],"author":[{"embeddable":true,"href":"https:\/\/rnoticias.com.mx\/Portal\/wp-json\/wp\/v2\/users\/2"}],"replies":[{"embeddable":true,"href":"https:\/\/rnoticias.com.mx\/Portal\/wp-json\/wp\/v2\/comments?post=233734"}],"version-history":[{"count":1,"href":"https:\/\/rnoticias.com.mx\/Portal\/wp-json\/wp\/v2\/posts\/233734\/revisions"}],"predecessor-version":[{"id":233736,"href":"https:\/\/rnoticias.com.mx\/Portal\/wp-json\/wp\/v2\/posts\/233734\/revisions\/233736"}],"wp:featuredmedia":[{"embeddable":true,"href":"https:\/\/rnoticias.com.mx\/Portal\/wp-json\/wp\/v2\/media\/233735"}],"wp:attachment":[{"href":"https:\/\/rnoticias.com.mx\/Portal\/wp-json\/wp\/v2\/media?parent=233734"}],"wp:term":[{"taxonomy":"category","embeddable":true,"href":"https:\/\/rnoticias.com.mx\/Portal\/wp-json\/wp\/v2\/categories?post=233734"},{"taxonomy":"post_tag","embeddable":true,"href":"https:\/\/rnoticias.com.mx\/Portal\/wp-json\/wp\/v2\/tags?post=233734"}],"curies":[{"name":"wp","href":"https:\/\/api.w.org\/{rel}","templated":true}]}}