{"id":233725,"date":"2025-10-28T15:44:59","date_gmt":"2025-10-28T22:44:59","guid":{"rendered":"https:\/\/rnoticias.com.mx\/Portal\/?p=233725"},"modified":"2025-10-28T15:44:59","modified_gmt":"2025-10-28T22:44:59","slug":"demostrar-carino-con-hechos-hace-la-verdadera-amistad-establecio-pablo-fletcher-en-el-tercer-congreso-de-la-familia","status":"publish","type":"post","link":"https:\/\/rnoticias.com.mx\/Portal\/2025\/10\/28\/demostrar-carino-con-hechos-hace-la-verdadera-amistad-establecio-pablo-fletcher-en-el-tercer-congreso-de-la-familia\/","title":{"rendered":"Demostrar cari\u00f1o con hechos hace la verdadera amistad, estableci\u00f3 Pablo Fletcher en el Tercer Congreso de la Familia"},"content":{"rendered":"<p>Hermosillo, Sonora; 28 de octubre, 2025.- Con la frase \u201cde los amigos nunca se habla mal\u201d, el conferencista Pablo Fletcher se gan\u00f3 una ovaci\u00f3n espont\u00e1nea durante el arranque de actividades del Tercer Congreso de la Familia de DIF Hermosillo.<\/p>\n<p>\u201cCreo que es b\u00e1sico que entendamos que nos hacemos mejores gracias a los amigos, cultivar esas amistades requiere un esfuerzo de todos los d\u00edas, pero lo m\u00e1s importante no es tanto que yo eval\u00fae a mis amigos, sino que yo de verdad sea un buen amigo, que sea yo el que busque coincidir con ellos, entenderles, escucharlos, conocerlos, abrir mi intimidad sin miedo, porque son mis amigos y luego demostrar cari\u00f1o, que se note con hechos\u201d, reflexion\u00f3.<\/p>\n<p>Ante miles de personas, en su gran mayor\u00eda j\u00f3venes, Pablo Fletcher estableci\u00f3 los 7 elementos que transforman las relaciones de compas en amistades profundas, empezando por la coincidencia, el me caes bien o afinidad subjetiva y el entenderse en temas importantes, es decir la afinidad objetiva.<\/p>\n<p>Afirm\u00f3 que esos 3 elementos definen el nivel de \u201cCompas\u201d y se necesita el complemento del conocimiento o inter\u00e9s por la otra persona, la confidencia, el cari\u00f1o o aprecio demostrado con hechos y la lealtad, para que esa relaci\u00f3n se convierta en una amistad real en la que ambas partes est\u00e1n dispuestas a pasarla bien, pero principalmente a pasarla mal si es necesario.<\/p>\n<p>Sobre el Tercer Congreso de Familia de DIF Hermosillo el conferencista invitado alab\u00f3 que se considerara como parte del programa a especialistas de diferentes \u00e1mbitos que aportan a la fortaleza del n\u00facleo familiar, lo cual es una iniciativa que consider\u00f3 digna de replicarse.<\/p>\n","protected":false},"excerpt":{"rendered":"<p>Hermosillo, Sonora; 28 de octubre, 2025.- Con la frase \u201cde los amigos nunca se habla mal\u201d, el conferencista Pablo Fletcher se gan\u00f3 una ovaci\u00f3n espont\u00e1nea durante el arranque de actividades del Tercer Congreso de la Familia de DIF Hermosillo. \u201cCreo que es b\u00e1sico que entendamos que nos hacemos mejores gracias a los amigos, cultivar esas [&hellip;]<\/p>\n","protected":false},"author":2,"featured_media":233726,"comment_status":"closed","ping_status":"closed","sticky":false,"template":"","format":"standard","meta":{"footnotes":""},"categories":[12870,178],"tags":[12865,12869],"class_list":["post-233725","post","type-post","status-publish","format-standard","has-post-thumbnail","hentry","category-destacadas","category-local","tag-destacadas","tag-local"],"jetpack_featured_media_url":"https:\/\/rnoticias.com.mx\/Portal\/wp-content\/uploads\/2025\/10\/fce628b0-c71a-4bdc-acf6-16a44e025bb8.jpeg","amp_enabled":true,"_links":{"self":[{"href":"https:\/\/rnoticias.com.mx\/Portal\/wp-json\/wp\/v2\/posts\/233725","targetHints":{"allow":["GET"]}}],"collection":[{"href":"https:\/\/rnoticias.com.mx\/Portal\/wp-json\/wp\/v2\/posts"}],"about":[{"href":"https:\/\/rnoticias.com.mx\/Portal\/wp-json\/wp\/v2\/types\/post"}],"author":[{"embeddable":true,"href":"https:\/\/rnoticias.com.mx\/Portal\/wp-json\/wp\/v2\/users\/2"}],"replies":[{"embeddable":true,"href":"https:\/\/rnoticias.com.mx\/Portal\/wp-json\/wp\/v2\/comments?post=233725"}],"version-history":[{"count":1,"href":"https:\/\/rnoticias.com.mx\/Portal\/wp-json\/wp\/v2\/posts\/233725\/revisions"}],"predecessor-version":[{"id":233727,"href":"https:\/\/rnoticias.com.mx\/Portal\/wp-json\/wp\/v2\/posts\/233725\/revisions\/233727"}],"wp:featuredmedia":[{"embeddable":true,"href":"https:\/\/rnoticias.com.mx\/Portal\/wp-json\/wp\/v2\/media\/233726"}],"wp:attachment":[{"href":"https:\/\/rnoticias.com.mx\/Portal\/wp-json\/wp\/v2\/media?parent=233725"}],"wp:term":[{"taxonomy":"category","embeddable":true,"href":"https:\/\/rnoticias.com.mx\/Portal\/wp-json\/wp\/v2\/categories?post=233725"},{"taxonomy":"post_tag","embeddable":true,"href":"https:\/\/rnoticias.com.mx\/Portal\/wp-json\/wp\/v2\/tags?post=233725"}],"curies":[{"name":"wp","href":"https:\/\/api.w.org\/{rel}","templated":true}]}}