{"id":233719,"date":"2025-10-28T13:23:50","date_gmt":"2025-10-28T20:23:50","guid":{"rendered":"https:\/\/rnoticias.com.mx\/Portal\/?p=233719"},"modified":"2025-10-28T13:23:50","modified_gmt":"2025-10-28T20:23:50","slug":"alumno-de-conalep-representara-a-mexico-en-campeonato-internacional-de-karate-gobierno-de-sonora","status":"publish","type":"post","link":"https:\/\/rnoticias.com.mx\/Portal\/2025\/10\/28\/alumno-de-conalep-representara-a-mexico-en-campeonato-internacional-de-karate-gobierno-de-sonora\/","title":{"rendered":"Alumno de Conalep representar\u00e1 a M\u00e9xico en campeonato internacional de karate: Gobierno de Sonora"},"content":{"rendered":"<p>San Luis R\u00edo Colorado, Sonora; 28 de octubre de 2025.- Emmanuel Viera Hern\u00e1ndez, estudiante del Colegio de Educaci\u00f3n Profesional T\u00e9cnica del Estado de Sonora (Conalep), plantel San Luis R\u00edo Colorado, representar\u00e1 a M\u00e9xico en el Canada Open Karate Championships 2025 que se realizar\u00e1 en la provincia de Columbia Brit\u00e1nica.<\/p>\n<p>El alumno de quinto semestre ha demostrado en m\u00faltiples ocasiones su talento, disciplina y pasi\u00f3n por el deporte, clasificando para competir en diversos encuentros internacionales, entre los que destaca su reciente participaci\u00f3n en el Centroamericano y del Caribe de Karate en Colombia.<\/p>\n<p>La directora general de Conalep Sonora, Luisa Cristina Rodr\u00edguez Ibarra, destac\u00f3 que el joven, quien cursa la carrera de aire acondicionado, es un ejemplo de esfuerzo para la comunidad sanluisina as\u00ed como para las juventudes.<\/p>\n<p>El torneo es realizado por la Organizaci\u00f3n Nacional del Deporte en Canad\u00e1 y miembro de la organizaci\u00f3n mundial de Karate, adem\u00e1s de ser el campeonato m\u00e1s grande en todo Norte Am\u00e9rica, y al ser un certamen abierto, cuenta con participantes de todo el mundo.<\/p>\n<p>Se llevar\u00e1 a cabo del 21 al 23 de noviembre en el Richmond Olympic Oval in Metro Vancouver y se espera contar con participantes de pa\u00edses como Jap\u00f3n, Canad\u00e1, Estados Unidos, Ir\u00e1n, Pakist\u00e1n, India, China y Nepal, entre otros.<\/p>\n","protected":false},"excerpt":{"rendered":"<p>San Luis R\u00edo Colorado, Sonora; 28 de octubre de 2025.- Emmanuel Viera Hern\u00e1ndez, estudiante del Colegio de Educaci\u00f3n Profesional T\u00e9cnica del Estado de Sonora (Conalep), plantel San Luis R\u00edo Colorado, representar\u00e1 a M\u00e9xico en el Canada Open Karate Championships 2025 que se realizar\u00e1 en la provincia de Columbia Brit\u00e1nica. El alumno de quinto semestre ha [&hellip;]<\/p>\n","protected":false},"author":2,"featured_media":233720,"comment_status":"closed","ping_status":"closed","sticky":false,"template":"","format":"standard","meta":{"footnotes":""},"categories":[188,12870],"tags":[5231,12865],"class_list":["post-233719","post","type-post","status-publish","format-standard","has-post-thumbnail","hentry","category-deportes","category-destacadas","tag-deportes","tag-destacadas"],"jetpack_featured_media_url":"https:\/\/rnoticias.com.mx\/Portal\/wp-content\/uploads\/2025\/10\/23w-2.jpg","amp_enabled":true,"_links":{"self":[{"href":"https:\/\/rnoticias.com.mx\/Portal\/wp-json\/wp\/v2\/posts\/233719","targetHints":{"allow":["GET"]}}],"collection":[{"href":"https:\/\/rnoticias.com.mx\/Portal\/wp-json\/wp\/v2\/posts"}],"about":[{"href":"https:\/\/rnoticias.com.mx\/Portal\/wp-json\/wp\/v2\/types\/post"}],"author":[{"embeddable":true,"href":"https:\/\/rnoticias.com.mx\/Portal\/wp-json\/wp\/v2\/users\/2"}],"replies":[{"embeddable":true,"href":"https:\/\/rnoticias.com.mx\/Portal\/wp-json\/wp\/v2\/comments?post=233719"}],"version-history":[{"count":1,"href":"https:\/\/rnoticias.com.mx\/Portal\/wp-json\/wp\/v2\/posts\/233719\/revisions"}],"predecessor-version":[{"id":233721,"href":"https:\/\/rnoticias.com.mx\/Portal\/wp-json\/wp\/v2\/posts\/233719\/revisions\/233721"}],"wp:featuredmedia":[{"embeddable":true,"href":"https:\/\/rnoticias.com.mx\/Portal\/wp-json\/wp\/v2\/media\/233720"}],"wp:attachment":[{"href":"https:\/\/rnoticias.com.mx\/Portal\/wp-json\/wp\/v2\/media?parent=233719"}],"wp:term":[{"taxonomy":"category","embeddable":true,"href":"https:\/\/rnoticias.com.mx\/Portal\/wp-json\/wp\/v2\/categories?post=233719"},{"taxonomy":"post_tag","embeddable":true,"href":"https:\/\/rnoticias.com.mx\/Portal\/wp-json\/wp\/v2\/tags?post=233719"}],"curies":[{"name":"wp","href":"https:\/\/api.w.org\/{rel}","templated":true}]}}