{"id":233716,"date":"2025-10-28T13:22:59","date_gmt":"2025-10-28T20:22:59","guid":{"rendered":"https:\/\/rnoticias.com.mx\/Portal\/?p=233716"},"modified":"2025-10-28T13:22:59","modified_gmt":"2025-10-28T20:22:59","slug":"alma-angelina-gutierrez-primera-mujer-reconocida-por-impulsar-el-cambio-social-desde-la-bicicleta","status":"publish","type":"post","link":"https:\/\/rnoticias.com.mx\/Portal\/2025\/10\/28\/alma-angelina-gutierrez-primera-mujer-reconocida-por-impulsar-el-cambio-social-desde-la-bicicleta\/","title":{"rendered":"Alma Angelina Guti\u00e9rrez, primera mujer reconocida por impulsar el cambio social desde la bicicleta"},"content":{"rendered":"<p>Hermosillo, Sonora. La Asociaci\u00f3n Mexicana de Mujeres Jefas de Empresa, cap\u00edtulo Sonora (AMMJE Sonora), otorg\u00f3 este a\u00f1o su Galard\u00f3n 2025 a Alma Angelina Guti\u00e9rrez Mill\u00e1n, destacando su compromiso con la movilidad sostenible, la seguridad vial y la equidad de g\u00e9nero.<\/p>\n<p>&nbsp;<\/p>\n<p>Por primera vez, este premio, que tradicionalmente reconoce logros empresariales, se concede a una mujer cuyo liderazgo se ejerce desde la bicicleta como herramienta de transformaci\u00f3n social.<\/p>\n<p>&nbsp;<\/p>\n<p>Alma Angelina, Alcaldesa de la Bicicleta en Hermosillo desde 2022, ha promovido iniciativas que fomentan un transporte seguro, inclusivo y ecol\u00f3gico. A trav\u00e9s de colectivos como Mujeres en Bici HMO y Bikes &amp; Trees, integra educaci\u00f3n vial, reforestaci\u00f3n urbana y participaci\u00f3n ciudadana, mostrando c\u00f3mo la acci\u00f3n cotidiana puede generar cambios duraderos.<\/p>\n<p>&nbsp;<\/p>\n<p>\u201cEste reconocimiento representa a todas las mujeres que pedalean con esperanza y buscan una ciudad m\u00e1s humana. La bicicleta me conecta con la comunidad y demuestra que la transformaci\u00f3n tambi\u00e9n nace de lo cotidiano\u201d, afirm\u00f3.<\/p>\n<p>&nbsp;<\/p>\n<p>El Galard\u00f3n AMMJE Sonora 2025 destaca a mujeres que dejan huella por su liderazgo y compromiso. Con este reconocimiento, Alma Angelina reafirma que la movilidad activa y el trabajo comunitario son formas poderosas de liderazgo femenino, inspirando a m\u00e1s mujeres a ocupar el espacio p\u00fablico desde la bicicleta y la acci\u00f3n colectiva.<\/p>\n<p>&nbsp;<\/p>\n","protected":false},"excerpt":{"rendered":"<p>Hermosillo, Sonora. La Asociaci\u00f3n Mexicana de Mujeres Jefas de Empresa, cap\u00edtulo Sonora (AMMJE Sonora), otorg\u00f3 este a\u00f1o su Galard\u00f3n 2025 a Alma Angelina Guti\u00e9rrez Mill\u00e1n, destacando su compromiso con la movilidad sostenible, la seguridad vial y la equidad de g\u00e9nero. &nbsp; Por primera vez, este premio, que tradicionalmente reconoce logros empresariales, se concede a una [&hellip;]<\/p>\n","protected":false},"author":2,"featured_media":233717,"comment_status":"closed","ping_status":"closed","sticky":false,"template":"","format":"standard","meta":{"footnotes":""},"categories":[12870,178],"tags":[12865,12869],"class_list":["post-233716","post","type-post","status-publish","format-standard","has-post-thumbnail","hentry","category-destacadas","category-local","tag-destacadas","tag-local"],"jetpack_featured_media_url":"https:\/\/rnoticias.com.mx\/Portal\/wp-content\/uploads\/2025\/10\/bd6f6ca3-c28c-47de-904b-e546c3d9e85e.jpeg","amp_enabled":true,"_links":{"self":[{"href":"https:\/\/rnoticias.com.mx\/Portal\/wp-json\/wp\/v2\/posts\/233716","targetHints":{"allow":["GET"]}}],"collection":[{"href":"https:\/\/rnoticias.com.mx\/Portal\/wp-json\/wp\/v2\/posts"}],"about":[{"href":"https:\/\/rnoticias.com.mx\/Portal\/wp-json\/wp\/v2\/types\/post"}],"author":[{"embeddable":true,"href":"https:\/\/rnoticias.com.mx\/Portal\/wp-json\/wp\/v2\/users\/2"}],"replies":[{"embeddable":true,"href":"https:\/\/rnoticias.com.mx\/Portal\/wp-json\/wp\/v2\/comments?post=233716"}],"version-history":[{"count":1,"href":"https:\/\/rnoticias.com.mx\/Portal\/wp-json\/wp\/v2\/posts\/233716\/revisions"}],"predecessor-version":[{"id":233718,"href":"https:\/\/rnoticias.com.mx\/Portal\/wp-json\/wp\/v2\/posts\/233716\/revisions\/233718"}],"wp:featuredmedia":[{"embeddable":true,"href":"https:\/\/rnoticias.com.mx\/Portal\/wp-json\/wp\/v2\/media\/233717"}],"wp:attachment":[{"href":"https:\/\/rnoticias.com.mx\/Portal\/wp-json\/wp\/v2\/media?parent=233716"}],"wp:term":[{"taxonomy":"category","embeddable":true,"href":"https:\/\/rnoticias.com.mx\/Portal\/wp-json\/wp\/v2\/categories?post=233716"},{"taxonomy":"post_tag","embeddable":true,"href":"https:\/\/rnoticias.com.mx\/Portal\/wp-json\/wp\/v2\/tags?post=233716"}],"curies":[{"name":"wp","href":"https:\/\/api.w.org\/{rel}","templated":true}]}}