{"id":233701,"date":"2025-10-28T12:02:02","date_gmt":"2025-10-28T19:02:02","guid":{"rendered":"https:\/\/rnoticias.com.mx\/Portal\/?p=233701"},"modified":"2025-10-28T12:02:02","modified_gmt":"2025-10-28T19:02:02","slug":"realiza-gobierno-de-sonora-con-exito-la-jornada-academica-de-tecnologias-de-la-informacion-y-comunicacion-universidad-tecnologica-de-slrc","status":"publish","type":"post","link":"https:\/\/rnoticias.com.mx\/Portal\/2025\/10\/28\/realiza-gobierno-de-sonora-con-exito-la-jornada-academica-de-tecnologias-de-la-informacion-y-comunicacion-universidad-tecnologica-de-slrc\/","title":{"rendered":"Realiza Gobierno de Sonora con \u00e9xito la Jornada Acad\u00e9mica de Tecnolog\u00edas de la Informaci\u00f3n y Comunicaci\u00f3n: Universidad Tecnol\u00f3gica de SLRC"},"content":{"rendered":"<p>San Luis R\u00edo Colorado, Sonora; 28 de octubre de 2025.- Con la participaci\u00f3n de reconocidos especialistas nacionales e internacionales del sector tecnol\u00f3gico, el Gobierno de Sonora, a trav\u00e9s de la Universidad Tecnol\u00f3gica de San Luis R\u00edo Colorado (Utslrc), realiz\u00f3 con \u00e9xito la edici\u00f3n n\u00famero 15 de la Jornada Acad\u00e9mica de Tecnolog\u00edas de la Informaci\u00f3n y Comunicaci\u00f3n (JATIC).<\/p>\n<p>Docentes y alumnos de la Ingenier\u00eda en Tecnolog\u00edas de la Informaci\u00f3n e Innovaci\u00f3n Digital recibieron capacitaci\u00f3n y actualizaci\u00f3n sobre temas de relevancia, adem\u00e1s de participar en conferencias, talleres, concursos de videojuegos y estrategias dise\u00f1adas para impulsar el aprendizaje y fortalecer el talento de los j\u00f3venes sonorenses.<\/p>\n<p>El rector de la Utslrc, Jos\u00e9 Arturo Delgado Reza, resalt\u00f3 que el evento tuvo como objetivo robustecer la formaci\u00f3n acad\u00e9mica y profesional del alumnado mediante el intercambio de ideas con expertos.<\/p>\n<p>Durante los d\u00edas de actividades se realizaron nueve conferencias impartidas por reconocidos ponentes: Rafael Alduenda, Eduardo Garc\u00eda Zaragoza, Carlos Olea Landeros, Manuel Vargas L\u00f3pez, Samuel Gonz\u00e1lez L\u00f3pez, Arturo Vel\u00e1zquez Cabrera, Sa\u00fal Omar Sanzuir Silva, Karla G\u00e1mez y Brizel L\u00f3pez, quienes han participado en ediciones anteriores de JATIC.<\/p>\n<p>Asimismo, compartieron sus conocimientos en temas de vanguardia como centros de datos, f\u00f3rmula para emprender, Unbox Yourself, agentes aut\u00f3nomos por medio de la inteligencia artificial, el mundo de las TI, redes \u00f3pticas para el futuro y algoritmos tradicionales a modelos de lenguaje preentrenados.<\/p>\n<p>Con la realizaci\u00f3n de esta jornada, la Utslrc reafirma su compromiso con la innovaci\u00f3n acad\u00e9mica y la vinculaci\u00f3n con el sector tecnol\u00f3gico, preparando a los estudiantes para los retos de la era digital.<\/p>\n","protected":false},"excerpt":{"rendered":"<p>San Luis R\u00edo Colorado, Sonora; 28 de octubre de 2025.- Con la participaci\u00f3n de reconocidos especialistas nacionales e internacionales del sector tecnol\u00f3gico, el Gobierno de Sonora, a trav\u00e9s de la Universidad Tecnol\u00f3gica de San Luis R\u00edo Colorado (Utslrc), realiz\u00f3 con \u00e9xito la edici\u00f3n n\u00famero 15 de la Jornada Acad\u00e9mica de Tecnolog\u00edas de la Informaci\u00f3n y [&hellip;]<\/p>\n","protected":false},"author":2,"featured_media":233702,"comment_status":"closed","ping_status":"closed","sticky":false,"template":"","format":"standard","meta":{"footnotes":""},"categories":[12870,174],"tags":[12865,12873],"class_list":["post-233701","post","type-post","status-publish","format-standard","has-post-thumbnail","hentry","category-destacadas","category-estatal","tag-destacadas","tag-estatal"],"jetpack_featured_media_url":"https:\/\/rnoticias.com.mx\/Portal\/wp-content\/uploads\/2025\/10\/434.jpg","amp_enabled":true,"_links":{"self":[{"href":"https:\/\/rnoticias.com.mx\/Portal\/wp-json\/wp\/v2\/posts\/233701","targetHints":{"allow":["GET"]}}],"collection":[{"href":"https:\/\/rnoticias.com.mx\/Portal\/wp-json\/wp\/v2\/posts"}],"about":[{"href":"https:\/\/rnoticias.com.mx\/Portal\/wp-json\/wp\/v2\/types\/post"}],"author":[{"embeddable":true,"href":"https:\/\/rnoticias.com.mx\/Portal\/wp-json\/wp\/v2\/users\/2"}],"replies":[{"embeddable":true,"href":"https:\/\/rnoticias.com.mx\/Portal\/wp-json\/wp\/v2\/comments?post=233701"}],"version-history":[{"count":1,"href":"https:\/\/rnoticias.com.mx\/Portal\/wp-json\/wp\/v2\/posts\/233701\/revisions"}],"predecessor-version":[{"id":233703,"href":"https:\/\/rnoticias.com.mx\/Portal\/wp-json\/wp\/v2\/posts\/233701\/revisions\/233703"}],"wp:featuredmedia":[{"embeddable":true,"href":"https:\/\/rnoticias.com.mx\/Portal\/wp-json\/wp\/v2\/media\/233702"}],"wp:attachment":[{"href":"https:\/\/rnoticias.com.mx\/Portal\/wp-json\/wp\/v2\/media?parent=233701"}],"wp:term":[{"taxonomy":"category","embeddable":true,"href":"https:\/\/rnoticias.com.mx\/Portal\/wp-json\/wp\/v2\/categories?post=233701"},{"taxonomy":"post_tag","embeddable":true,"href":"https:\/\/rnoticias.com.mx\/Portal\/wp-json\/wp\/v2\/tags?post=233701"}],"curies":[{"name":"wp","href":"https:\/\/api.w.org\/{rel}","templated":true}]}}