{"id":233695,"date":"2025-10-28T11:45:35","date_gmt":"2025-10-28T18:45:35","guid":{"rendered":"https:\/\/rnoticias.com.mx\/Portal\/?p=233695"},"modified":"2025-10-28T11:45:35","modified_gmt":"2025-10-28T18:45:35","slug":"gobernador-durazo-y-presidenta-sheinbaum-acercan-planteles-de-bachillerato-a-comunidades-alejadas-en-sonora","status":"publish","type":"post","link":"https:\/\/rnoticias.com.mx\/Portal\/2025\/10\/28\/gobernador-durazo-y-presidenta-sheinbaum-acercan-planteles-de-bachillerato-a-comunidades-alejadas-en-sonora\/","title":{"rendered":"Gobernador Durazo y Presidenta Sheinbaum acercan planteles de Bachillerato a comunidades alejadas en Sonora"},"content":{"rendered":"<p>Hermosillo, Sonora; 28 de octubre de 2025.- Con el objetivo de que las y los j\u00f3venes sonorenses cuenten con opciones educativas cerca de sus hogares y puedan darle continuidad a su formaci\u00f3n acad\u00e9mica de nivel media superior, la presidenta Claudia Sheinbaum Pardo anunci\u00f3 la edificaci\u00f3n de nuevos planteles escolares para 2026 en la entidad, que forman parte del Programa de Bachillerato Nacional, destac\u00f3 el gobernador Alfonso Durazo Monta\u00f1o.<\/p>\n<p>Durante la conferencia de prensa matutina de la presidenta de M\u00e9xico, Tania Rodr\u00edguez, subsecretaria de Educaci\u00f3n P\u00fablica, dio a conocer el proyecto \u201cLa Escuela Cerca de tu Casa\u201d que contempla para el siguiente a\u00f1o la construcci\u00f3n en Sonora de un bachillerato tecnol\u00f3gico en Hermosillo, y cuatro nuevos telebachilleratos en comunidades que no contaban con una preparatoria cercana.<\/p>\n<p>De igual forma, como parte de la atenci\u00f3n a la mejora de infraestructura educativa en escuelas de alta demanda, el Gobierno de M\u00e9xico con la colaboraci\u00f3n del Gobierno de Sonora llevar\u00e1 a cabo la ampliaci\u00f3n de aulas en planteles escolares en Puerto Pe\u00f1asco y Nogales.<\/p>\n<p>Para la edificaci\u00f3n de nuevas escuelas se tomar\u00e1n en cuenta los ejes de los Polos de Desarrollo Econ\u00f3mico para el Bienestar, as\u00ed como Planes de Justicia y Desarrollo Integral de los Pueblos y Comunidades Ind\u00edgenas, y regiones sin servicios educativos.<\/p>\n<p>El gobernador Durazo Monta\u00f1o refrend\u00f3 su compromiso de seguir impulsando todos aquellos proyectos de infraestructura educativa, los cuales permitan a las y los estudiantes sonorenses contar siempre con una escuela cerca de sus hogares, de la mano de otras iniciativas que ya se implementan en favor de la educaci\u00f3n en la entidad, como la del programa de becas Sonora de Oportunidades m\u00e1s grande en la historia de la entidad.<\/p>\n","protected":false},"excerpt":{"rendered":"<p>Hermosillo, Sonora; 28 de octubre de 2025.- Con el objetivo de que las y los j\u00f3venes sonorenses cuenten con opciones educativas cerca de sus hogares y puedan darle continuidad a su formaci\u00f3n acad\u00e9mica de nivel media superior, la presidenta Claudia Sheinbaum Pardo anunci\u00f3 la edificaci\u00f3n de nuevos planteles escolares para 2026 en la entidad, que [&hellip;]<\/p>\n","protected":false},"author":2,"featured_media":233696,"comment_status":"closed","ping_status":"closed","sticky":false,"template":"","format":"standard","meta":{"footnotes":""},"categories":[12870,178],"tags":[12865,12869],"class_list":["post-233695","post","type-post","status-publish","format-standard","has-post-thumbnail","hentry","category-destacadas","category-local","tag-destacadas","tag-local"],"jetpack_featured_media_url":"https:\/\/rnoticias.com.mx\/Portal\/wp-content\/uploads\/2025\/10\/unnamed-84.jpg","amp_enabled":true,"_links":{"self":[{"href":"https:\/\/rnoticias.com.mx\/Portal\/wp-json\/wp\/v2\/posts\/233695","targetHints":{"allow":["GET"]}}],"collection":[{"href":"https:\/\/rnoticias.com.mx\/Portal\/wp-json\/wp\/v2\/posts"}],"about":[{"href":"https:\/\/rnoticias.com.mx\/Portal\/wp-json\/wp\/v2\/types\/post"}],"author":[{"embeddable":true,"href":"https:\/\/rnoticias.com.mx\/Portal\/wp-json\/wp\/v2\/users\/2"}],"replies":[{"embeddable":true,"href":"https:\/\/rnoticias.com.mx\/Portal\/wp-json\/wp\/v2\/comments?post=233695"}],"version-history":[{"count":1,"href":"https:\/\/rnoticias.com.mx\/Portal\/wp-json\/wp\/v2\/posts\/233695\/revisions"}],"predecessor-version":[{"id":233697,"href":"https:\/\/rnoticias.com.mx\/Portal\/wp-json\/wp\/v2\/posts\/233695\/revisions\/233697"}],"wp:featuredmedia":[{"embeddable":true,"href":"https:\/\/rnoticias.com.mx\/Portal\/wp-json\/wp\/v2\/media\/233696"}],"wp:attachment":[{"href":"https:\/\/rnoticias.com.mx\/Portal\/wp-json\/wp\/v2\/media?parent=233695"}],"wp:term":[{"taxonomy":"category","embeddable":true,"href":"https:\/\/rnoticias.com.mx\/Portal\/wp-json\/wp\/v2\/categories?post=233695"},{"taxonomy":"post_tag","embeddable":true,"href":"https:\/\/rnoticias.com.mx\/Portal\/wp-json\/wp\/v2\/tags?post=233695"}],"curies":[{"name":"wp","href":"https:\/\/api.w.org\/{rel}","templated":true}]}}