{"id":233687,"date":"2025-10-27T21:38:17","date_gmt":"2025-10-28T04:38:17","guid":{"rendered":"https:\/\/rnoticias.com.mx\/Portal\/?p=233687"},"modified":"2025-10-27T21:38:17","modified_gmt":"2025-10-28T04:38:17","slug":"luz-verde-para-uber-podra-operar-en-aeropuertos-de-mexico","status":"publish","type":"post","link":"https:\/\/rnoticias.com.mx\/Portal\/2025\/10\/27\/luz-verde-para-uber-podra-operar-en-aeropuertos-de-mexico\/","title":{"rendered":"Luz verde para Uber; podr\u00e1 operar en aeropuertos de M\u00e9xico"},"content":{"rendered":"<p>Jueza federal concedi\u00f3 una suspensi\u00f3n definitiva que confirma que es ilegal detener a los conductores que utilizan la plataforma de\u00a0<strong>Uber<\/strong>\u00a0cuando recogen o dejan pasajeros en los aeropuertos de M\u00e9xico.<\/p>\n<p>Con esta suspensi\u00f3n<strong>\u00a0las autoridades no podr\u00e1n detener a los socios conductores que realicen estos viajes\u00a0<\/strong>en las zonas federales de m\u00e1s de\u00a0<strong>70 aeropuertos del pa\u00eds<\/strong>, en tanto se resuelve el juicio de amparo correspondiente.<\/p>\n<p>La empresa conf\u00eda en esta medida pues\u00a0<strong>se tendr\u00eda un precedente favorable en la resoluci\u00f3n final del caso<\/strong>, siendo tambi\u00e9n favorable ante el contexto del\u00a0<strong>Mundial de F\u00fatbol 2026<\/strong>, destacando la importancia de garantizar un buen servicio y una movilidad eficiente y segura para millones de usuarios.<\/p>\n<p>Adem\u00e1s\u00a0<strong>Uber\u00a0<\/strong>inst\u00f3 a las autoridades federales a respetar la suspensi\u00f3n definitiva y exhort\u00f3 al Congreso de la Uni\u00f3n a legislar sobre el acceso de las plataformas de transporte a los aeropuertos.<\/p>\n<p>&nbsp;<\/p>\n<p>Fuente: El Financiero<\/p>\n","protected":false},"excerpt":{"rendered":"<p>Jueza federal concedi\u00f3 una suspensi\u00f3n definitiva que confirma que es ilegal detener a los conductores que utilizan la plataforma de\u00a0Uber\u00a0cuando recogen o dejan pasajeros en los aeropuertos de M\u00e9xico. Con esta suspensi\u00f3n\u00a0las autoridades no podr\u00e1n detener a los socios conductores que realicen estos viajes\u00a0en las zonas federales de m\u00e1s de\u00a070 aeropuertos del pa\u00eds, en tanto [&hellip;]<\/p>\n","protected":false},"author":2,"featured_media":233688,"comment_status":"closed","ping_status":"closed","sticky":false,"template":"","format":"standard","meta":{"footnotes":""},"categories":[12870,172],"tags":[12865,12874],"class_list":["post-233687","post","type-post","status-publish","format-standard","has-post-thumbnail","hentry","category-destacadas","category-nacional","tag-destacadas","tag-nacional"],"jetpack_featured_media_url":"https:\/\/rnoticias.com.mx\/Portal\/wp-content\/uploads\/2025\/10\/bdc4d9ffc8fc49316fd9b5b4580c55fc.webp","amp_enabled":true,"_links":{"self":[{"href":"https:\/\/rnoticias.com.mx\/Portal\/wp-json\/wp\/v2\/posts\/233687","targetHints":{"allow":["GET"]}}],"collection":[{"href":"https:\/\/rnoticias.com.mx\/Portal\/wp-json\/wp\/v2\/posts"}],"about":[{"href":"https:\/\/rnoticias.com.mx\/Portal\/wp-json\/wp\/v2\/types\/post"}],"author":[{"embeddable":true,"href":"https:\/\/rnoticias.com.mx\/Portal\/wp-json\/wp\/v2\/users\/2"}],"replies":[{"embeddable":true,"href":"https:\/\/rnoticias.com.mx\/Portal\/wp-json\/wp\/v2\/comments?post=233687"}],"version-history":[{"count":1,"href":"https:\/\/rnoticias.com.mx\/Portal\/wp-json\/wp\/v2\/posts\/233687\/revisions"}],"predecessor-version":[{"id":233689,"href":"https:\/\/rnoticias.com.mx\/Portal\/wp-json\/wp\/v2\/posts\/233687\/revisions\/233689"}],"wp:featuredmedia":[{"embeddable":true,"href":"https:\/\/rnoticias.com.mx\/Portal\/wp-json\/wp\/v2\/media\/233688"}],"wp:attachment":[{"href":"https:\/\/rnoticias.com.mx\/Portal\/wp-json\/wp\/v2\/media?parent=233687"}],"wp:term":[{"taxonomy":"category","embeddable":true,"href":"https:\/\/rnoticias.com.mx\/Portal\/wp-json\/wp\/v2\/categories?post=233687"},{"taxonomy":"post_tag","embeddable":true,"href":"https:\/\/rnoticias.com.mx\/Portal\/wp-json\/wp\/v2\/tags?post=233687"}],"curies":[{"name":"wp","href":"https:\/\/api.w.org\/{rel}","templated":true}]}}