{"id":233684,"date":"2025-10-27T21:32:01","date_gmt":"2025-10-28T04:32:01","guid":{"rendered":"https:\/\/rnoticias.com.mx\/Portal\/?p=233684"},"modified":"2025-10-27T21:32:01","modified_gmt":"2025-10-28T04:32:01","slug":"inicia-ine-revision-de-instrumentos-de-evaluacion-y-fomenta-la-participacion-de-su-personal-en-la-mejora-de-sus-procesos","status":"publish","type":"post","link":"https:\/\/rnoticias.com.mx\/Portal\/2025\/10\/27\/inicia-ine-revision-de-instrumentos-de-evaluacion-y-fomenta-la-participacion-de-su-personal-en-la-mejora-de-sus-procesos\/","title":{"rendered":"Inicia INE revisi\u00f3n de instrumentos de evaluaci\u00f3n y fomenta la participaci\u00f3n de su personal en la mejora de sus procesos"},"content":{"rendered":"<p class=\"x_MsoNormal\"><span data-olk-copy-source=\"MessageBody\">El Instituto Nacional Electoral (INE) dio inicio a los trabajos de los componentes 3 y 5, Revisi\u00f3n de los instrumentos de evaluaci\u00f3n y Propuestas Comunidad INE, respectivamente, en el marco de la\u00a0<i>Estrategia Institucional para la Evaluaci\u00f3n del Proceso Electoral Concurrente 2023-2024 y del Proceso Electoral Extraordinario para la elecci\u00f3n de diversos cargos del Poder Judicial de la Federaci\u00f3n (PEEPJF) 2024-2025<\/i>.<\/span><\/p>\n<p class=\"x_MsoNormal\">\n<p class=\"x_MsoNormal\">El Consejero Jorge Monta\u00f1o Ventura subray\u00f3 que la Estrategia es una muestra del inter\u00e9s del Instituto Nacional Electoral por mejorar sus servicios buscando la calidad, la innovaci\u00f3n y garantizando procesos electorales transparentes y confiables. \u201cEl INE hace elecciones y las hace bien\u201d, afirm\u00f3.<\/p>\n<p class=\"x_MsoNormal\">\n<p class=\"x_MsoNormal\">En el Lobby del Instituto, estableci\u00f3 que para el proceso electoral intermedio del 2027, el INE se est\u00e1 preparando, como lo ha hecho \u201cy vamos a poder demostrar el por qu\u00e9 somos un referente a nivel internacional\u201d.<\/p>\n<p class=\"x_MsoNormal\">\n<p class=\"x_MsoNormal\">En esta innovaci\u00f3n y perfeccionamiento de los procedimientos institucionales, el Consejero Monta\u00f1o llam\u00f3 a no perder el sentido humano del servicio p\u00fablico.\u00a0 \u201cVamos a innovar, vamos a mejorar, buscamos calidad y perfeccionar el derecho electoral, pero no perdamos el sentido humano del servicio p\u00fablico que es lo que la sociedad espera de nosotros\u201d.<\/p>\n<p class=\"x_MsoNormal\">\n<p class=\"x_MsoNormal\">Monta\u00f1o Ventura reconoci\u00f3 la importancia de la Direcci\u00f3n Ejecutiva del Servicio Profesional Electoral Nacional (DESPEN) y de la Unidad T\u00e9cnica de Servicios Inform\u00e1ticos (UTSI), pues \u201cson parte de esa base de la democracia en materia de profesionalizaci\u00f3n e innovaci\u00f3n de tecnolog\u00edas que se vienen implementando en el Instituto Nacional Electoral\u201d.<\/p>\n<p class=\"x_MsoNormal\">\n<p class=\"x_MsoNormal\"><b><i>Fortalecer el sistema democr\u00e1tico mexicano<\/i><\/b><\/p>\n<p class=\"x_MsoNormal\"><b><i>\u00a0<\/i><\/b><\/p>\n<p class=\"x_MsoNormal\">El Encargado de despacho de la\u00a0<a name=\"x__Hlk212221149\"><\/a>Direcci\u00f3n Ejecutiva del Servicio Profesional Electoral\u00a0Nacional, Jorge Egren Moreno Troncoso, explic\u00f3 el componente 3 de la Estrategia, que tiene el objetivo de integrar los instrumentos de evaluaci\u00f3n desarrollados por las distintas \u00e1reas del INE en las pasados elecciones, a fin de implementar mejoras y fortalecer el sistema democr\u00e1tico mexicano rumbo a los procesos electorales 2026-2027.<\/p>\n<p class=\"x_MsoNormal\">\n<p class=\"x_MsoNormal\">\u201cSe trata de una pr\u00e1ctica que recurrentemente al concluir los procesos electorales realiza el Instituto y reafirma el compromiso con la mejora continua y lo posiciona como un referente, tanto a nivel nacional, como internacional, en la organizaci\u00f3n de elecciones libres y confiables\u201d, especific\u00f3.<\/p>\n<p class=\"x_MsoNormal\">\n<p class=\"x_MsoNormal\">A\u00f1adi\u00f3 que la metodolog\u00eda dise\u00f1ada permitir\u00e1 que cada \u00e1rea identifique las evaluaciones realizadas a sus procedimientos operativos, t\u00e9cnicos y normativos, por lo que del 24 al 31 de octubre, las Direcciones Ejecutivas y Unidades T\u00e9cnicas revisar\u00e1n sus instrumentos y evaluaciones internas. El 5 de noviembre se recibir\u00e1 la totalidad de las aportaciones para su an\u00e1lisis e integraci\u00f3n, para que el 8 de noviembre la DESPEN entregue los resultados a la Secretar\u00eda Ejecutiva.<\/p>\n<p class=\"x_MsoNormal\">\n<p class=\"x_MsoNormal\">Enseguida, el Encargado de Despacho de la Coordinaci\u00f3n General de la Unidad de Servicios de Inform\u00e1tica, Jos\u00e9 Alberto P\u00e9rez de Acha detall\u00f3 que el componente 5 de la Estrategia permitir\u00e1 que todas las personas que integran la comunidad INE puedan aportar sus ideas y sus propuestas de mejora para los procesos operativos y normativos que rigen al Instituto.<\/p>\n<p class=\"x_MsoNormal\">\n<p class=\"x_MsoNormal\">Para ello, la UTSI habilit\u00f3 una plataforma para que la comunidad INE pueda plasmar sus ideas con base a su experiencia en la organizaci\u00f3n de los procesos electorales.<\/p>\n<p class=\"x_MsoNormal\">\n<p class=\"x_MsoNormal\">\u201cLo que queremos es inspirarlos, este proceso inicia cuando nos decidimos, nos inspiramos, nos motivamos y pensamos que podemos trabajar diferente, que podemos hacer las cosas diferentes y con el enorme cari\u00f1o que le tenemos a la instituci\u00f3n podemos ayudar y contribuir de una u otra manera a mejorar nuestros procesos, nuestra normatividad y, por qu\u00e9 no, tambi\u00e9n nuestros sistemas\u201d, puntualiz\u00f3 P\u00e9rez de Acha.<\/p>\n","protected":false},"excerpt":{"rendered":"<p>El Instituto Nacional Electoral (INE) dio inicio a los trabajos de los componentes 3 y 5, Revisi\u00f3n de los instrumentos de evaluaci\u00f3n y Propuestas Comunidad INE, respectivamente, en el marco de la\u00a0Estrategia Institucional para la Evaluaci\u00f3n del Proceso Electoral Concurrente 2023-2024 y del Proceso Electoral Extraordinario para la elecci\u00f3n de diversos cargos del Poder Judicial [&hellip;]<\/p>\n","protected":false},"author":2,"featured_media":233685,"comment_status":"closed","ping_status":"closed","sticky":false,"template":"","format":"standard","meta":{"footnotes":""},"categories":[12870,12868],"tags":[12865,12879],"class_list":["post-233684","post","type-post","status-publish","format-standard","has-post-thumbnail","hentry","category-destacadas","category-politica","tag-destacadas","tag-politica"],"jetpack_featured_media_url":"https:\/\/rnoticias.com.mx\/Portal\/wp-content\/uploads\/2025\/10\/6-17.jpg","amp_enabled":true,"_links":{"self":[{"href":"https:\/\/rnoticias.com.mx\/Portal\/wp-json\/wp\/v2\/posts\/233684","targetHints":{"allow":["GET"]}}],"collection":[{"href":"https:\/\/rnoticias.com.mx\/Portal\/wp-json\/wp\/v2\/posts"}],"about":[{"href":"https:\/\/rnoticias.com.mx\/Portal\/wp-json\/wp\/v2\/types\/post"}],"author":[{"embeddable":true,"href":"https:\/\/rnoticias.com.mx\/Portal\/wp-json\/wp\/v2\/users\/2"}],"replies":[{"embeddable":true,"href":"https:\/\/rnoticias.com.mx\/Portal\/wp-json\/wp\/v2\/comments?post=233684"}],"version-history":[{"count":1,"href":"https:\/\/rnoticias.com.mx\/Portal\/wp-json\/wp\/v2\/posts\/233684\/revisions"}],"predecessor-version":[{"id":233686,"href":"https:\/\/rnoticias.com.mx\/Portal\/wp-json\/wp\/v2\/posts\/233684\/revisions\/233686"}],"wp:featuredmedia":[{"embeddable":true,"href":"https:\/\/rnoticias.com.mx\/Portal\/wp-json\/wp\/v2\/media\/233685"}],"wp:attachment":[{"href":"https:\/\/rnoticias.com.mx\/Portal\/wp-json\/wp\/v2\/media?parent=233684"}],"wp:term":[{"taxonomy":"category","embeddable":true,"href":"https:\/\/rnoticias.com.mx\/Portal\/wp-json\/wp\/v2\/categories?post=233684"},{"taxonomy":"post_tag","embeddable":true,"href":"https:\/\/rnoticias.com.mx\/Portal\/wp-json\/wp\/v2\/tags?post=233684"}],"curies":[{"name":"wp","href":"https:\/\/api.w.org\/{rel}","templated":true}]}}