{"id":233675,"date":"2025-10-27T21:24:19","date_gmt":"2025-10-28T04:24:19","guid":{"rendered":"https:\/\/rnoticias.com.mx\/Portal\/?p=233675"},"modified":"2025-10-27T21:24:19","modified_gmt":"2025-10-28T04:24:19","slug":"alumno-de-cobach-busca-clasificar-a-los-juegos-olimpicos-de-la-juventud-en-senegal","status":"publish","type":"post","link":"https:\/\/rnoticias.com.mx\/Portal\/2025\/10\/27\/alumno-de-cobach-busca-clasificar-a-los-juegos-olimpicos-de-la-juventud-en-senegal\/","title":{"rendered":"Alumno de Cobach busca clasificar a los Juegos Ol\u00edmpicos de la Juventud en Senegal"},"content":{"rendered":"<p>Hermosillo, Sonora; 27 de octubre de 2025.-El alumno del Colegio de Bachilleres del Estado de Sonora (Cobach), Rigoberto L\u00f3pez Garc\u00eda, conquist\u00f3 el Campeonato Nacional de Taekwondo y dio un paso clave en la b\u00fasqueda para clasificar a los Juegos Ol\u00edmpicos de la Juventud 2026 en Senegal.<\/p>\n<p>El estudiante del plantel Villa de Seris se coron\u00f3 con la medalla de oro en la categor\u00eda de m\u00e1s de 73 kilos, en el torneo selectivo nacional de esa disciplina de artes marciales, realizado en Torre\u00f3n, Coahuila, del 17 al 19 de octubre.<\/p>\n<p>El director general del Cobach, Rodrigo Arturo Rosas Burgos, resalt\u00f3 que la disciplina y la constancia dieron frutos al ganar el alumno el campeonato nacional, en el torneo convocado por la Federaci\u00f3n Mexicana de Taekwondo (FMTKD), no obstante que en las finales enfrent\u00f3 a rivales de mayor experiencia, lo cual es un ejemplo a seguir entre los j\u00f3venes de la comunidad escolar.<\/p>\n<p>Rigoberto L\u00f3pez, quien practica el taekwondo desde los 4 a\u00f1os y tiene 11 de experiencia, indic\u00f3 que entrena en el Gimnasio Polideportivo Ana Gabriela Guevara de Hermosillo, con el firme prop\u00f3sito de representar a M\u00e9xico en el escenario internacional.<\/p>\n<p>Mencion\u00f3 que el campeonato nacional obtenido por \u00e9l es un paso clave para avanzar en la evaluaci\u00f3n nacional y clasificar hacia los Juegos Ol\u00edmpicos de la Juventud, que se realizar\u00e1n en la capital de Senegal, Dakar, en octubre y noviembre de 2026.<\/p>\n<p>Lo que sigue para el estudiante de primer semestre es esperar la convocatoria, en la que se definan fecha y lugar, para presentarse a la evaluaci\u00f3n por parte de directivos de la FMTKD y encargados de la selecci\u00f3n nacional de taekwondo, donde se decidir\u00e1 si clasifica para asistir a la competencia internacional en Senegal.<\/p>\n","protected":false},"excerpt":{"rendered":"<p>Hermosillo, Sonora; 27 de octubre de 2025.-El alumno del Colegio de Bachilleres del Estado de Sonora (Cobach), Rigoberto L\u00f3pez Garc\u00eda, conquist\u00f3 el Campeonato Nacional de Taekwondo y dio un paso clave en la b\u00fasqueda para clasificar a los Juegos Ol\u00edmpicos de la Juventud 2026 en Senegal. El estudiante del plantel Villa de Seris se coron\u00f3 [&hellip;]<\/p>\n","protected":false},"author":2,"featured_media":233676,"comment_status":"closed","ping_status":"closed","sticky":false,"template":"","format":"standard","meta":{"footnotes":""},"categories":[188,12870],"tags":[5231,12865],"class_list":["post-233675","post","type-post","status-publish","format-standard","has-post-thumbnail","hentry","category-deportes","category-destacadas","tag-deportes","tag-destacadas"],"jetpack_featured_media_url":"https:\/\/rnoticias.com.mx\/Portal\/wp-content\/uploads\/2025\/10\/unnamed-83.jpg","amp_enabled":true,"_links":{"self":[{"href":"https:\/\/rnoticias.com.mx\/Portal\/wp-json\/wp\/v2\/posts\/233675","targetHints":{"allow":["GET"]}}],"collection":[{"href":"https:\/\/rnoticias.com.mx\/Portal\/wp-json\/wp\/v2\/posts"}],"about":[{"href":"https:\/\/rnoticias.com.mx\/Portal\/wp-json\/wp\/v2\/types\/post"}],"author":[{"embeddable":true,"href":"https:\/\/rnoticias.com.mx\/Portal\/wp-json\/wp\/v2\/users\/2"}],"replies":[{"embeddable":true,"href":"https:\/\/rnoticias.com.mx\/Portal\/wp-json\/wp\/v2\/comments?post=233675"}],"version-history":[{"count":1,"href":"https:\/\/rnoticias.com.mx\/Portal\/wp-json\/wp\/v2\/posts\/233675\/revisions"}],"predecessor-version":[{"id":233677,"href":"https:\/\/rnoticias.com.mx\/Portal\/wp-json\/wp\/v2\/posts\/233675\/revisions\/233677"}],"wp:featuredmedia":[{"embeddable":true,"href":"https:\/\/rnoticias.com.mx\/Portal\/wp-json\/wp\/v2\/media\/233676"}],"wp:attachment":[{"href":"https:\/\/rnoticias.com.mx\/Portal\/wp-json\/wp\/v2\/media?parent=233675"}],"wp:term":[{"taxonomy":"category","embeddable":true,"href":"https:\/\/rnoticias.com.mx\/Portal\/wp-json\/wp\/v2\/categories?post=233675"},{"taxonomy":"post_tag","embeddable":true,"href":"https:\/\/rnoticias.com.mx\/Portal\/wp-json\/wp\/v2\/tags?post=233675"}],"curies":[{"name":"wp","href":"https:\/\/api.w.org\/{rel}","templated":true}]}}