{"id":233669,"date":"2025-10-27T21:21:22","date_gmt":"2025-10-28T04:21:22","guid":{"rendered":"https:\/\/rnoticias.com.mx\/Portal\/?p=233669"},"modified":"2025-10-27T21:21:22","modified_gmt":"2025-10-28T04:21:22","slug":"reconoce-y-valora-ine-contribucion-de-los-opl-en-la-organizacion-de-procesos-electorales","status":"publish","type":"post","link":"https:\/\/rnoticias.com.mx\/Portal\/2025\/10\/27\/reconoce-y-valora-ine-contribucion-de-los-opl-en-la-organizacion-de-procesos-electorales\/","title":{"rendered":"Reconoce y valora INE contribuci\u00f3n de los OPL en la organizaci\u00f3n de procesos electorales"},"content":{"rendered":"<p class=\"x_MsoNormal\">El Instituto Nacional Electoral (INE) inaugur\u00f3 los trabajos del componente 4, Intercambio de experiencias con los Organismos P\u00fablicos Locales Electorales (OPL), en el marco de la\u00a0<i>Estrategia Institucional para la Evaluaci\u00f3n del Proceso Electoral Concurrente 2023-2024 y del Proceso Ele<\/i><i>ctoral Extraordinario para la elecci\u00f3n de diversos cargos del Poder Judicial de la Federaci\u00f3n (PEEPJF) 2024-2025.<\/i><\/p>\n<p class=\"x_MsoNormal\">\n<p class=\"x_MsoNormal\">En representaci\u00f3n de la Consejera Presidenta, Guadalupe Taddei Zavala, la Secretaria Ejecutiva, Claudia Arlett Espino inaugur\u00f3 formalmente los trabajos y subray\u00f3 la importancia de evaluar estos procesos electorales.<\/p>\n<p class=\"x_MsoNormal\">\n<p class=\"x_MsoNormal\">Confi\u00f3 que de este ejercicio, se obtendr\u00e1 una valiosa informaci\u00f3n que no solamente se compilar\u00e1, sino que \u201chabr\u00e1 u<a name=\"x__Hlk212453054\"><\/a>n trabajo valorativo que sirva para entregar a la Comisi\u00f3n Presidencial para la Reforma Electoral y al Poder Legislativo\u201d.<\/p>\n<p class=\"x_MsoNormal\">\n<p class=\"x_MsoNormal\"><a name=\"x__Hlk212450576\"><\/a>Enseguida, el Consejero y presidente de la Comisi\u00f3n de Vinculaci\u00f3n con Organismos P\u00fablicos Locales Electorales, Jorge Monta\u00f1o Ventura estableci\u00f3 que el INE y los OPL no son estructuras aisladas, sino engranajes de un mismo sistema articulado por la ley, que desde la reforma pol\u00edtico-electoral del 2014 han organizado 450 procesos electorales para renovar gubernaturas y congresos locales y casi dos mil 500 ayuntamientos.<\/p>\n<p class=\"x_MsoNormal\">\n<p class=\"x_MsoNormal\">Por ello, dijo, la reuni\u00f3n nacional de evaluaci\u00f3n INE-OPL no es un tr\u00e1mite, es un ejercicio de reflexi\u00f3n profunda, de autocr\u00edtica institucional y de mejora continua.<\/p>\n<p class=\"x_MsoNormal\">\n<p class=\"x_MsoNormal\">\u201cLos institutos electorales representados por todas y por todos ustedes son indispensables por razones t\u00e9cnicas, democr\u00e1ticas y federales\u201d enfatiz\u00f3 Monta\u00f1o, al explicar que los OPL conocen mejor que nadie la realidad pol\u00edtica, social y cultural de cada uno de los estados y garantizan que la democracia se ejerza con pertinencia local sin perder el est\u00e1ndar nacional.<\/p>\n<p class=\"x_MsoNormal\">\n<p class=\"x_MsoNormal\">Adem\u00e1s, fortalecen el federalismo electoral permitiendo que cada entidad participe activamente en la construcci\u00f3n de su destino pol\u00edtico y porque su existencia evita la centralizaci\u00f3n excesiva y promueve la pluralidad institucional. En suma, \u201csin los llamados OPLES el sistema electoral perder\u00eda una de sus principales fortalezas que es la cercan\u00eda con la ciudadan\u00eda\u201d, advirti\u00f3.<\/p>\n<p class=\"x_MsoNormal\"><i>\u00a0<\/i><\/p>\n<p class=\"x_MsoNormal\"><b><i>La democracia no se improvisa<\/i><\/b><\/p>\n<p class=\"x_MsoNormal\"><b><i>\u00a0<\/i><\/b><\/p>\n<p class=\"x_MsoNormal\">Ante integrantes de la Junta General Ejecutiva, consejeras y consejeros presidentes de Institutos Electorales del pa\u00eds; del presidente de la Asociaci\u00f3n de Instituciones Electorales de las Entidades Federativas, Roberto Herrera Hern\u00e1ndez; del presidente de la Red Nacional de Consejeras y Consejeros por una Democracia Incluyente, Luis Eduardo Guti\u00e9rrez Ruiz; de la Secretaria General Ejecutiva de la Asociaci\u00f3n Mexicana de Consejeras Estatales Electorales, Karla Isabel Olvera Moreno;\u00a0 de la integrante de la Red Nacional de Ciudadan\u00edas y Organizaciones por la Educaci\u00f3n C\u00edvica, Leticia Bravo Ostos y del integrante del Colegio de Ejecutivos Electorales de M\u00e9xico, Pedro Pablo Mart\u00ednez Ortiz, el Encargado del Despacho de la Unidad T\u00e9cnica de Vinculaci\u00f3n con los OPL, Pedro Chirinos Ben\u00edtez reconoci\u00f3 el trabajo institucional que se realiza para fortalecer el sistema nacional de elecciones.<\/p>\n<p class=\"x_MsoNormal\">\n<p class=\"x_MsoNormal\">\u201cEl trabajo que hoy retomamos reafirma el valor de la cooperaci\u00f3n entre instituciones. Cada encuentro como \u00e9ste nos recuerda que la democracia no se improvisa, se planifica, se coordina y se construye d\u00eda a d\u00eda desde cada entidad, cada comunidad y cada rinc\u00f3n de nuestro pa\u00eds\u201d, apunt\u00f3.<\/p>\n<p class=\"x_MsoNormal\">\n<p class=\"x_MsoNormal\">Destac\u00f3 que este foro permitir\u00e1 pasar del diagn\u00f3stico a la consolidaci\u00f3n de estrategias conjuntas y de las conclusiones a la implementaci\u00f3n de soluciones reales.<\/p>\n<p class=\"x_MsoNormal\">\n<p class=\"x_MsoNormal\">La estructura electoral mexicana es s\u00f3lida a\u00f1adi\u00f3 Chirinos Ben\u00edtez, quien record\u00f3 que la suma de esfuerzos del compromiso del personal del INE y de los Organismos P\u00fablicos Locales \u201ces la que da sentido a nuestro federalismo electoral, que no es un reparto de funciones, sino una alianza permanente entre 33 visiones distintas con un mismo prop\u00f3sito: garantizar la voluntad ciudadana\u201d.<\/p>\n","protected":false},"excerpt":{"rendered":"<p>El Instituto Nacional Electoral (INE) inaugur\u00f3 los trabajos del componente 4, Intercambio de experiencias con los Organismos P\u00fablicos Locales Electorales (OPL), en el marco de la\u00a0Estrategia Institucional para la Evaluaci\u00f3n del Proceso Electoral Concurrente 2023-2024 y del Proceso Electoral Extraordinario para la elecci\u00f3n de diversos cargos del Poder Judicial de la Federaci\u00f3n (PEEPJF) 2024-2025. En [&hellip;]<\/p>\n","protected":false},"author":2,"featured_media":233670,"comment_status":"closed","ping_status":"closed","sticky":false,"template":"","format":"standard","meta":{"footnotes":""},"categories":[12870,12868],"tags":[12865,12879],"class_list":["post-233669","post","type-post","status-publish","format-standard","has-post-thumbnail","hentry","category-destacadas","category-politica","tag-destacadas","tag-politica"],"jetpack_featured_media_url":"https:\/\/rnoticias.com.mx\/Portal\/wp-content\/uploads\/2025\/10\/WhatsApp-Image-2025-10-27-at-11.42.03-AM.jpeg","amp_enabled":true,"_links":{"self":[{"href":"https:\/\/rnoticias.com.mx\/Portal\/wp-json\/wp\/v2\/posts\/233669","targetHints":{"allow":["GET"]}}],"collection":[{"href":"https:\/\/rnoticias.com.mx\/Portal\/wp-json\/wp\/v2\/posts"}],"about":[{"href":"https:\/\/rnoticias.com.mx\/Portal\/wp-json\/wp\/v2\/types\/post"}],"author":[{"embeddable":true,"href":"https:\/\/rnoticias.com.mx\/Portal\/wp-json\/wp\/v2\/users\/2"}],"replies":[{"embeddable":true,"href":"https:\/\/rnoticias.com.mx\/Portal\/wp-json\/wp\/v2\/comments?post=233669"}],"version-history":[{"count":1,"href":"https:\/\/rnoticias.com.mx\/Portal\/wp-json\/wp\/v2\/posts\/233669\/revisions"}],"predecessor-version":[{"id":233671,"href":"https:\/\/rnoticias.com.mx\/Portal\/wp-json\/wp\/v2\/posts\/233669\/revisions\/233671"}],"wp:featuredmedia":[{"embeddable":true,"href":"https:\/\/rnoticias.com.mx\/Portal\/wp-json\/wp\/v2\/media\/233670"}],"wp:attachment":[{"href":"https:\/\/rnoticias.com.mx\/Portal\/wp-json\/wp\/v2\/media?parent=233669"}],"wp:term":[{"taxonomy":"category","embeddable":true,"href":"https:\/\/rnoticias.com.mx\/Portal\/wp-json\/wp\/v2\/categories?post=233669"},{"taxonomy":"post_tag","embeddable":true,"href":"https:\/\/rnoticias.com.mx\/Portal\/wp-json\/wp\/v2\/tags?post=233669"}],"curies":[{"name":"wp","href":"https:\/\/api.w.org\/{rel}","templated":true}]}}