{"id":233666,"date":"2025-10-27T21:16:34","date_gmt":"2025-10-28T04:16:34","guid":{"rendered":"https:\/\/rnoticias.com.mx\/Portal\/?p=233666"},"modified":"2025-10-27T21:16:34","modified_gmt":"2025-10-28T04:16:34","slug":"asesinan-al-periodista-miguel-angel-beltran-martinez-en-durango","status":"publish","type":"post","link":"https:\/\/rnoticias.com.mx\/Portal\/2025\/10\/27\/asesinan-al-periodista-miguel-angel-beltran-martinez-en-durango\/","title":{"rendered":"Asesinan al periodista Miguel \u00c1ngel Beltr\u00e1n Mart\u00ednez en Durango"},"content":{"rendered":"<p><strong>La Fiscal\u00eda General de Durango<\/strong>\u00a0confirm\u00f3 este lunes el asesinato del periodista<strong>\u00a0Miguel \u00c1ngel Beltr\u00e1n Mart\u00ednez,<\/strong>\u00a0en dicho Estado y quien hab\u00eda denunciado las actividades del crimen organizado en la zona, en medio de la ola de violencia que vive el pa\u00eds.<\/p>\n<p><mark><strong>El cuerpo de Beltr\u00e1n Mart\u00ednez, de 60 a\u00f1os, fue hallado sin vida con huellas de violencia y un mensaje amenazante en la carretera que conecta Durango con Sinaloa<\/strong><\/mark>, seg\u00fan reportaron medios locales.<\/p>\n<p>Su hijo identific\u00f3 el cuerpo el domingo cuando este hab\u00eda sido trasladado a las instalaciones del forenses.<\/p>\n<p><strong>En la actualidad, Beltr\u00e1n contaba con una perfil en la red social TikTok en el que difund\u00eda informaci\u00f3n del estado de Durango bajo el nombre de &#8216;Capo&#8217;.<\/strong><\/p>\n<p>El comunicador, de 60 a\u00f1os, hab\u00eda sido colaborador de medios como Contexto de Durango y La Voz de Durango, y tambi\u00e9n trabaj\u00f3 como reportero polic\u00edaco y cronista deportivo.<\/p>\n<p><mark><strong>En 2025, siete periodistas han sido asesinados en M\u00e9xico, seg\u00fan la organizaci\u00f3n de defensa de la libertad de expresi\u00f3n y derecho de la informaci\u00f3n, Art\u00edculo 19.<\/strong><\/mark><\/p>\n<p>Desde el inicio del siglo, la organizaci\u00f3n contabiliza\u00a0<strong>174 asesinatos y 31 desapariciones de periodistas en la rep\u00fablica.\u00a0<\/strong><\/p>\n","protected":false},"excerpt":{"rendered":"<p>La Fiscal\u00eda General de Durango\u00a0confirm\u00f3 este lunes el asesinato del periodista\u00a0Miguel \u00c1ngel Beltr\u00e1n Mart\u00ednez,\u00a0en dicho Estado y quien hab\u00eda denunciado las actividades del crimen organizado en la zona, en medio de la ola de violencia que vive el pa\u00eds. El cuerpo de Beltr\u00e1n Mart\u00ednez, de 60 a\u00f1os, fue hallado sin vida con huellas de violencia [&hellip;]<\/p>\n","protected":false},"author":2,"featured_media":233667,"comment_status":"closed","ping_status":"closed","sticky":false,"template":"","format":"standard","meta":{"footnotes":""},"categories":[12870,172],"tags":[12865,12874],"class_list":["post-233666","post","type-post","status-publish","format-standard","has-post-thumbnail","hentry","category-destacadas","category-nacional","tag-destacadas","tag-nacional"],"jetpack_featured_media_url":"https:\/\/rnoticias.com.mx\/Portal\/wp-content\/uploads\/2025\/10\/f8IT7BrwC5XCZTRcqwuOeOtSA6tg3Lh1ACQWTmim.webp","amp_enabled":true,"_links":{"self":[{"href":"https:\/\/rnoticias.com.mx\/Portal\/wp-json\/wp\/v2\/posts\/233666","targetHints":{"allow":["GET"]}}],"collection":[{"href":"https:\/\/rnoticias.com.mx\/Portal\/wp-json\/wp\/v2\/posts"}],"about":[{"href":"https:\/\/rnoticias.com.mx\/Portal\/wp-json\/wp\/v2\/types\/post"}],"author":[{"embeddable":true,"href":"https:\/\/rnoticias.com.mx\/Portal\/wp-json\/wp\/v2\/users\/2"}],"replies":[{"embeddable":true,"href":"https:\/\/rnoticias.com.mx\/Portal\/wp-json\/wp\/v2\/comments?post=233666"}],"version-history":[{"count":1,"href":"https:\/\/rnoticias.com.mx\/Portal\/wp-json\/wp\/v2\/posts\/233666\/revisions"}],"predecessor-version":[{"id":233668,"href":"https:\/\/rnoticias.com.mx\/Portal\/wp-json\/wp\/v2\/posts\/233666\/revisions\/233668"}],"wp:featuredmedia":[{"embeddable":true,"href":"https:\/\/rnoticias.com.mx\/Portal\/wp-json\/wp\/v2\/media\/233667"}],"wp:attachment":[{"href":"https:\/\/rnoticias.com.mx\/Portal\/wp-json\/wp\/v2\/media?parent=233666"}],"wp:term":[{"taxonomy":"category","embeddable":true,"href":"https:\/\/rnoticias.com.mx\/Portal\/wp-json\/wp\/v2\/categories?post=233666"},{"taxonomy":"post_tag","embeddable":true,"href":"https:\/\/rnoticias.com.mx\/Portal\/wp-json\/wp\/v2\/tags?post=233666"}],"curies":[{"name":"wp","href":"https:\/\/api.w.org\/{rel}","templated":true}]}}