{"id":233661,"date":"2025-10-27T21:12:44","date_gmt":"2025-10-28T04:12:44","guid":{"rendered":"https:\/\/rnoticias.com.mx\/Portal\/?p=233661"},"modified":"2025-10-27T21:12:44","modified_gmt":"2025-10-28T04:12:44","slug":"recibe-ine-propuesta-para-la-reforma-electoral-de-mujeres-afromexicanas","status":"publish","type":"post","link":"https:\/\/rnoticias.com.mx\/Portal\/2025\/10\/27\/recibe-ine-propuesta-para-la-reforma-electoral-de-mujeres-afromexicanas\/","title":{"rendered":"Recibe INE propuesta para la reforma electoral de mujeres afromexicanas"},"content":{"rendered":"<p class=\"x_MsoNormal\"><span data-olk-copy-source=\"MessageBody\">El Instituto Nacional Electoral (INE) sostuvo un encuentro de di\u00e1logo con mujeres afromexicanas, con el objetivo de recibir su propuesta e integrarla al documento que ser\u00e1 entregado a la Comisi\u00f3n Presidencial para la Reforma Electoral y al Poder Legislativo.<\/span><\/p>\n<p class=\"x_MsoNormal\">\n<p class=\"x_MsoNormal\">\u201cNo puede haber una democracia completa si una parte de su poblaci\u00f3n no se ve reflejada en sus leyes, no se siente representada en sus instituciones y no participa activamente en las decisiones que definen su futuro. Y en esa lucha, hay que decirlo fuerte, la labor de las mujeres afromexicanas ha sido fundamental\u201d, se\u00f1al\u00f3 la Consejera Presidenta del INE, Guadalupe Taddei Zavala, en un mensaje que fue le\u00eddo en el Lobby del Instituto por la Secretaria Ejecutiva, Claudia Arlett Espino.<\/p>\n<p class=\"x_MsoNormal\">\n<p class=\"x_MsoNormal\">\u201cUstedes han sido las guardianas de la memoria, las impulsoras del desarrollo comunitario y las voces incansables que exigen que la igualdad no sea s\u00f3lo una aspiraci\u00f3n sino una realidad cotidiana\u201d, contin\u00faa el mensaje en el que se establece el compromiso del INE de ser el cauce para que la propuesta llegue a la Comisi\u00f3n Presidencial para la Reforma Electoral y al Poder Legislativo.<\/p>\n<p class=\"x_MsoNormal\">\n<p class=\"x_MsoNormal\">A decir de la Presidenta del INE, cualquier proceso de reforma electoral debe tener como meta el fortalecimiento de la democracia, la cual \u201cse fortalece, construye, nutre y se legitima a trav\u00e9s del di\u00e1logo\u201d.<\/p>\n<p class=\"x_MsoNormal\">\n<p class=\"x_MsoNormal\">La Secretaria Ejecutiva agradeci\u00f3 a las mujeres afromexicanas de los estados de Guerrero, Morelos, Oaxaca, Chiapas y Yucat\u00e1n que hicieron llegar su propuesta al INE, para integrarla a una posible reforma electoral.<\/p>\n<p class=\"x_MsoNormal\">\n<p class=\"x_MsoNormal\"><b><i>Reforma electoral debe reflejar la diversidad del pa\u00eds<\/i><\/b><\/p>\n<p class=\"x_MsoNormal\"><b><i>\u00a0<\/i><\/b><\/p>\n<p class=\"x_MsoNormal\">En representaci\u00f3n de las mujeres afromexicanas Bel\u00e9n del Carmen Ram\u00edrez, Flor Mar\u00eda Flores May y Greta Ventura, plantearon propuestas para que la reforma electoral refleje la diversidad que hay en el pa\u00eds y reconozca plenamente a la poblaci\u00f3n afromexicana como parte esencial del Estado Mexicano.<\/p>\n<p class=\"x_MsoNormal\">\n<p class=\"x_MsoNormal\">\u201c<a name=\"x__Hlk212460856\"><\/a>La democracia no puede ser plena, si hay pueblos y comunidades que permanecen fuera de estas decisiones\u201d, dijeron, al proponer una consejer\u00eda con representaci\u00f3n del pueblo afromexicano en el INE y los OPL; acciones afirmativas que permitan la participaci\u00f3n pol\u00edtica de las juventudes afromexicanas, con presupuesto para ello; que se reconozca la autoadscripci\u00f3n calificada con v\u00ednculo comunitario a nivel nacional y\u00a0 una distritaci\u00f3n electoral diferenciada con criterios de representatividad afromexicana.<\/p>\n<p class=\"x_MsoNormal\">\n<p class=\"x_MsoNormal\">En el evento estuvieron presentes integrantes de la Junta General Ejecutiva y, de manera virtual, delegadas y delegados del INE de las 32 entidades de la Rep\u00fablica.<\/p>\n","protected":false},"excerpt":{"rendered":"<p>El Instituto Nacional Electoral (INE) sostuvo un encuentro de di\u00e1logo con mujeres afromexicanas, con el objetivo de recibir su propuesta e integrarla al documento que ser\u00e1 entregado a la Comisi\u00f3n Presidencial para la Reforma Electoral y al Poder Legislativo. \u201cNo puede haber una democracia completa si una parte de su poblaci\u00f3n no se ve reflejada [&hellip;]<\/p>\n","protected":false},"author":2,"featured_media":233662,"comment_status":"closed","ping_status":"closed","sticky":false,"template":"","format":"standard","meta":{"footnotes":""},"categories":[12870,12868],"tags":[12865,12879],"class_list":["post-233661","post","type-post","status-publish","format-standard","has-post-thumbnail","hentry","category-destacadas","category-politica","tag-destacadas","tag-politica"],"jetpack_featured_media_url":"https:\/\/rnoticias.com.mx\/Portal\/wp-content\/uploads\/2025\/10\/WhatsApp-Image-2025-10-27-at-1.32.59-PM.jpeg","amp_enabled":true,"_links":{"self":[{"href":"https:\/\/rnoticias.com.mx\/Portal\/wp-json\/wp\/v2\/posts\/233661","targetHints":{"allow":["GET"]}}],"collection":[{"href":"https:\/\/rnoticias.com.mx\/Portal\/wp-json\/wp\/v2\/posts"}],"about":[{"href":"https:\/\/rnoticias.com.mx\/Portal\/wp-json\/wp\/v2\/types\/post"}],"author":[{"embeddable":true,"href":"https:\/\/rnoticias.com.mx\/Portal\/wp-json\/wp\/v2\/users\/2"}],"replies":[{"embeddable":true,"href":"https:\/\/rnoticias.com.mx\/Portal\/wp-json\/wp\/v2\/comments?post=233661"}],"version-history":[{"count":1,"href":"https:\/\/rnoticias.com.mx\/Portal\/wp-json\/wp\/v2\/posts\/233661\/revisions"}],"predecessor-version":[{"id":233663,"href":"https:\/\/rnoticias.com.mx\/Portal\/wp-json\/wp\/v2\/posts\/233661\/revisions\/233663"}],"wp:featuredmedia":[{"embeddable":true,"href":"https:\/\/rnoticias.com.mx\/Portal\/wp-json\/wp\/v2\/media\/233662"}],"wp:attachment":[{"href":"https:\/\/rnoticias.com.mx\/Portal\/wp-json\/wp\/v2\/media?parent=233661"}],"wp:term":[{"taxonomy":"category","embeddable":true,"href":"https:\/\/rnoticias.com.mx\/Portal\/wp-json\/wp\/v2\/categories?post=233661"},{"taxonomy":"post_tag","embeddable":true,"href":"https:\/\/rnoticias.com.mx\/Portal\/wp-json\/wp\/v2\/tags?post=233661"}],"curies":[{"name":"wp","href":"https:\/\/api.w.org\/{rel}","templated":true}]}}