{"id":233658,"date":"2025-10-27T21:11:05","date_gmt":"2025-10-28T04:11:05","guid":{"rendered":"https:\/\/rnoticias.com.mx\/Portal\/?p=233658"},"modified":"2025-10-27T21:11:05","modified_gmt":"2025-10-28T04:11:05","slug":"da-bienvenida-tono-astiazaran-a-servicios-de-salud-del-dr-vagon-en-hermosillo","status":"publish","type":"post","link":"https:\/\/rnoticias.com.mx\/Portal\/2025\/10\/27\/da-bienvenida-tono-astiazaran-a-servicios-de-salud-del-dr-vagon-en-hermosillo\/","title":{"rendered":"Da bienvenida To\u00f1o Astiazar\u00e1n a servicios de salud del Dr. Vag\u00f3n en Hermosillo"},"content":{"rendered":"<p><b data-olk-copy-source=\"MessageBody\">Hermosillo, Sonora; 27 de agosto, 2025.-\u00a0<\/b>\u201cEsta es la tercera ocasi\u00f3n en que tenemos el gusto de tener aqu\u00ed el Dr. Vag\u00f3n, que lo esperamos con ansias porque este tipo de servicio m\u00e9dico es un servicio de primera para una poblaci\u00f3n tambi\u00e9n de primera\u201d, asegur\u00f3 el presidente municipal de Hermosillo Antonio Astiazar\u00e1n Guti\u00e9rrez.<\/p>\n<p aria-hidden=\"true\">\n<p>To\u00f1o Astiazar\u00e1n dio la bienvenida de todo el equipo de trabajo que encabeza Ana Sof\u00eda Lanczyiner, subdirectora de la fundaci\u00f3n Grupo M\u00e9xico, por hacer alianza con el Gobierno Municipal en beneficio de la ciudadan\u00eda y trasladar a esta ciudad al Dr. Vag\u00f3n.<\/p>\n<p aria-hidden=\"true\">\n<p>Explic\u00f3 que la atenci\u00f3n m\u00e9dica a 500 personas diarias que Grupo M\u00e9xico estar\u00e1 proporcionando del 27 al 31 de octubre, significan 2 mil 500 familias beneficiadas, as\u00ed como un valioso aporte a la lucha contra el c\u00e1ncer de mama con 70 estudios de mastograf\u00eda por d\u00eda.<\/p>\n<p aria-hidden=\"true\">\n<p>A las y los representantes de los comit\u00e9s CRECES que acudieron al arranque de actividades del Dr. Vag\u00f3n de esta ocasi\u00f3n les pidi\u00f3 correr la voz en sus colonias y comunidades de que quienes lo necesiten tendr\u00e1n durante 5 d\u00edas acceso a servicios m\u00e9dicos de primera totalmente gratuitos, acudiendo a las instalaciones de Ferromex desde las 6 de la ma\u00f1ana.<\/p>\n<p aria-hidden=\"true\">\n<p>Ana Sof\u00eda Lanczyiner , subdirectora de la Fundaci\u00f3n Grupo M\u00e9xico destac\u00f3 que estar\u00e1n disponibles 18 disciplinas del \u00e1rea de la salud, entre ellas odontolog\u00eda, consulta general, optometr\u00eda, ginecolog\u00eda, mastograf\u00edas, quiropr\u00e1xia y rehabilitaci\u00f3n f\u00edsica, con 500 fichas por d\u00eda.<\/p>\n<p aria-hidden=\"true\">\n<p>Estuvo acompa\u00f1ado por Eduardo Alejo Acu\u00f1a Padilla, Secretario del Ayuntamiento; Luis Becerra Hurtado, director de Salud P\u00fablica Municipal y Daniel Garc\u00eda Escalante, director de Participaci\u00f3n Ciudadana del Ayuntamiento.<\/p>\n<p aria-hidden=\"true\">\n<p>Acudieron tambi\u00e9n H\u00e9ctor Iv\u00e1n Facundo Castillo, gerente operativo de Doctor Vag\u00f3n; Jes\u00fas Cons Mart\u00ednez, gerente de relaciones con Gobierno de Grupo M\u00e9xico; Alonso Dur\u00f3n Monta\u00f1o, Comisario General de la Polic\u00eda Preventiva y Tr\u00e1nsito Municipal y la regidora Paola Robles Manzanero.<\/p>\n<p aria-hidden=\"true\">\n","protected":false},"excerpt":{"rendered":"<p>Hermosillo, Sonora; 27 de agosto, 2025.-\u00a0\u201cEsta es la tercera ocasi\u00f3n en que tenemos el gusto de tener aqu\u00ed el Dr. Vag\u00f3n, que lo esperamos con ansias porque este tipo de servicio m\u00e9dico es un servicio de primera para una poblaci\u00f3n tambi\u00e9n de primera\u201d, asegur\u00f3 el presidente municipal de Hermosillo Antonio Astiazar\u00e1n Guti\u00e9rrez. To\u00f1o Astiazar\u00e1n dio [&hellip;]<\/p>\n","protected":false},"author":2,"featured_media":233659,"comment_status":"closed","ping_status":"closed","sticky":false,"template":"","format":"standard","meta":{"footnotes":""},"categories":[12870,178],"tags":[12865,12869],"class_list":["post-233658","post","type-post","status-publish","format-standard","has-post-thumbnail","hentry","category-destacadas","category-local","tag-destacadas","tag-local"],"jetpack_featured_media_url":"https:\/\/rnoticias.com.mx\/Portal\/wp-content\/uploads\/2025\/10\/8-8-scaled-1.jpg","amp_enabled":true,"_links":{"self":[{"href":"https:\/\/rnoticias.com.mx\/Portal\/wp-json\/wp\/v2\/posts\/233658","targetHints":{"allow":["GET"]}}],"collection":[{"href":"https:\/\/rnoticias.com.mx\/Portal\/wp-json\/wp\/v2\/posts"}],"about":[{"href":"https:\/\/rnoticias.com.mx\/Portal\/wp-json\/wp\/v2\/types\/post"}],"author":[{"embeddable":true,"href":"https:\/\/rnoticias.com.mx\/Portal\/wp-json\/wp\/v2\/users\/2"}],"replies":[{"embeddable":true,"href":"https:\/\/rnoticias.com.mx\/Portal\/wp-json\/wp\/v2\/comments?post=233658"}],"version-history":[{"count":1,"href":"https:\/\/rnoticias.com.mx\/Portal\/wp-json\/wp\/v2\/posts\/233658\/revisions"}],"predecessor-version":[{"id":233660,"href":"https:\/\/rnoticias.com.mx\/Portal\/wp-json\/wp\/v2\/posts\/233658\/revisions\/233660"}],"wp:featuredmedia":[{"embeddable":true,"href":"https:\/\/rnoticias.com.mx\/Portal\/wp-json\/wp\/v2\/media\/233659"}],"wp:attachment":[{"href":"https:\/\/rnoticias.com.mx\/Portal\/wp-json\/wp\/v2\/media?parent=233658"}],"wp:term":[{"taxonomy":"category","embeddable":true,"href":"https:\/\/rnoticias.com.mx\/Portal\/wp-json\/wp\/v2\/categories?post=233658"},{"taxonomy":"post_tag","embeddable":true,"href":"https:\/\/rnoticias.com.mx\/Portal\/wp-json\/wp\/v2\/tags?post=233658"}],"curies":[{"name":"wp","href":"https:\/\/api.w.org\/{rel}","templated":true}]}}