{"id":233649,"date":"2025-10-27T21:00:30","date_gmt":"2025-10-28T04:00:30","guid":{"rendered":"https:\/\/rnoticias.com.mx\/Portal\/?p=233649"},"modified":"2025-10-27T21:00:30","modified_gmt":"2025-10-28T04:00:30","slug":"gobernador-durazo-inaugura-unidad-integral-de-neurodesarrollo-de-isssteson-para-garantizar-atencion-especializada-a-familias-sonorenses","status":"publish","type":"post","link":"https:\/\/rnoticias.com.mx\/Portal\/2025\/10\/27\/gobernador-durazo-inaugura-unidad-integral-de-neurodesarrollo-de-isssteson-para-garantizar-atencion-especializada-a-familias-sonorenses\/","title":{"rendered":"Gobernador Durazo inaugura Unidad Integral de Neurodesarrollo de Isssteson para garantizar atenci\u00f3n especializada a familias sonorenses"},"content":{"rendered":"<p>Hermosillo, Sonora; 27 de octubre de 2025.- Con la inauguraci\u00f3n de la Unidad Integral de Neurodesarrollo del Instituto de Seguridad y Servicios Sociales de los Trabajadores del Estado de Sonora (Isssteson), el gobernador Alfonso Durazo Monta\u00f1o cumple su compromiso de fortalecer los servicios de salud p\u00fablica y garantizar atenci\u00f3n especializada a las familias sonorenses. Esta obra representa una inversi\u00f3n de m\u00e1s de 520 mil pesos en beneficio de dos mil 113 derechohabientes.<\/p>\n<p>El mandatario estatal destac\u00f3 que este nuevo espacio representa un paso firme en la modernizaci\u00f3n de la infraestructura m\u00e9dica p\u00fablica para los trabajadores del estado y para sus familias, con m\u00e1s y mejores oportunidades de salud y de servicios especializados para atender distintos retos en su desarrollo neurol\u00f3gico.<\/p>\n<p>\u201cCon la inauguraci\u00f3n de esta Unidad Integral de Neurodesarrollo reafirmamos nuestro compromiso con la salud y el bienestar de la sociedad sonorense. Queremos que en Sonora se tenga acceso a atenci\u00f3n m\u00e9dica especializada, con instalaciones dignas y personal altamente capacitado que los acompa\u00f1en en su desarrollo\u201d, expres\u00f3 el gobernador Durazo.<\/p>\n<p>Durante el recorrido que realiz\u00f3 por la nueva Unidad Integral de Neurodesarrollo, el gobernador Durazo resalt\u00f3 que su administraci\u00f3n mantiene el compromiso de priorizar la salud y bienestar de las y los\u00a0sonorense, principalmente de quienes requieren atenciones terap\u00e9uticas especiales.<\/p>\n<p>El nuevo espacio m\u00e9dico ofrece atenci\u00f3n a la salud con tratamiento y terapias a ni\u00f1as, ni\u00f1os y adolescentes con Trastornos del Espectro Autista, Trastorno de D\u00e9ficit de Atenci\u00f3n e Hiperactividad (TDAH), retrasos en el lenguaje y psicomotricidad, entre otros. Adem\u00e1s, cuenta con \u00e1reas de Estimulaci\u00f3n Temprana y Fisioterapia Pedi\u00e1trica, donde se impulsa el desarrollo cognitivo, motor y emocional desde los primeros a\u00f1os de vida.<\/p>\n<p>En el evento estuvieron presentes: Luis Alonso Osuna Cota, director general del\u00a0Isssteson; Javier Ceballos Corral, secretario general del SNTE 54;\u00a0Adaluz\u00a0Villegas Mart\u00ednez, subdirectora de Servicios M\u00e9dicos del Instituto; y la senadora Lorenia Valles Sampedro.<\/p>\n","protected":false},"excerpt":{"rendered":"<p>Hermosillo, Sonora; 27 de octubre de 2025.- Con la inauguraci\u00f3n de la Unidad Integral de Neurodesarrollo del Instituto de Seguridad y Servicios Sociales de los Trabajadores del Estado de Sonora (Isssteson), el gobernador Alfonso Durazo Monta\u00f1o cumple su compromiso de fortalecer los servicios de salud p\u00fablica y garantizar atenci\u00f3n especializada a las familias sonorenses. Esta [&hellip;]<\/p>\n","protected":false},"author":2,"featured_media":233650,"comment_status":"closed","ping_status":"closed","sticky":false,"template":"","format":"standard","meta":{"footnotes":""},"categories":[12870,178],"tags":[12865,12869],"class_list":["post-233649","post","type-post","status-publish","format-standard","has-post-thumbnail","hentry","category-destacadas","category-local","tag-destacadas","tag-local"],"jetpack_featured_media_url":"https:\/\/rnoticias.com.mx\/Portal\/wp-content\/uploads\/2025\/10\/65.jpg","amp_enabled":true,"_links":{"self":[{"href":"https:\/\/rnoticias.com.mx\/Portal\/wp-json\/wp\/v2\/posts\/233649","targetHints":{"allow":["GET"]}}],"collection":[{"href":"https:\/\/rnoticias.com.mx\/Portal\/wp-json\/wp\/v2\/posts"}],"about":[{"href":"https:\/\/rnoticias.com.mx\/Portal\/wp-json\/wp\/v2\/types\/post"}],"author":[{"embeddable":true,"href":"https:\/\/rnoticias.com.mx\/Portal\/wp-json\/wp\/v2\/users\/2"}],"replies":[{"embeddable":true,"href":"https:\/\/rnoticias.com.mx\/Portal\/wp-json\/wp\/v2\/comments?post=233649"}],"version-history":[{"count":1,"href":"https:\/\/rnoticias.com.mx\/Portal\/wp-json\/wp\/v2\/posts\/233649\/revisions"}],"predecessor-version":[{"id":233651,"href":"https:\/\/rnoticias.com.mx\/Portal\/wp-json\/wp\/v2\/posts\/233649\/revisions\/233651"}],"wp:featuredmedia":[{"embeddable":true,"href":"https:\/\/rnoticias.com.mx\/Portal\/wp-json\/wp\/v2\/media\/233650"}],"wp:attachment":[{"href":"https:\/\/rnoticias.com.mx\/Portal\/wp-json\/wp\/v2\/media?parent=233649"}],"wp:term":[{"taxonomy":"category","embeddable":true,"href":"https:\/\/rnoticias.com.mx\/Portal\/wp-json\/wp\/v2\/categories?post=233649"},{"taxonomy":"post_tag","embeddable":true,"href":"https:\/\/rnoticias.com.mx\/Portal\/wp-json\/wp\/v2\/tags?post=233649"}],"curies":[{"name":"wp","href":"https:\/\/api.w.org\/{rel}","templated":true}]}}