{"id":233638,"date":"2025-10-27T16:45:10","date_gmt":"2025-10-27T23:45:10","guid":{"rendered":"https:\/\/rnoticias.com.mx\/Portal\/?p=233638"},"modified":"2025-10-27T16:45:10","modified_gmt":"2025-10-27T23:45:10","slug":"sonora-enfrenta-semana-de-calor-con-variaciones-marcadas-y-posible-frente-frio","status":"publish","type":"post","link":"https:\/\/rnoticias.com.mx\/Portal\/2025\/10\/27\/sonora-enfrenta-semana-de-calor-con-variaciones-marcadas-y-posible-frente-frio\/","title":{"rendered":"Sonora enfrenta semana de calor con variaciones marcadas y posible frente fr\u00edo"},"content":{"rendered":"<p>La semana en Sonora iniciar\u00e1 con temperaturas altas, alcanzando entre 35 y 40 grados cent\u00edgrados en zonas centro, sur y noroeste del estado, inform\u00f3 Gilberto Lagarda V\u00e1zquez, especialista t\u00e9cnico de Conagua.<\/p>\n<p>&nbsp;<\/p>\n<p>Especific\u00f3, que las ma\u00f1anas se mantendr\u00e1n frescas, con m\u00ednimas cercanas a cero grados en el norte y oriente, como ocurri\u00f3 en Y\u00e9cora, donde se registraron 2 grados.<\/p>\n<p>&nbsp;<\/p>\n<p>\u201cLo que s\u00ed viene un frente fr\u00edo, se espera que este frente fr\u00edo, que ser\u00eda el n\u00famero 11,\u00a0es posible que comience a afectar a Sonora a partir de jueves.\u00a0As\u00ed que vamos a tener un descenso de temperaturas, ya m\u00e1s cargados el fin de semana, sobre todo vamos a notar m\u00e1s en las m\u00e1ximas, vamos a tener algo de viento y pues esta situaci\u00f3n se va a mantener todo el fin de semana\u201d, declar\u00f3.<\/p>\n<p>&nbsp;<\/p>\n<p>Finalmente, Lagarda V\u00e1zquez detall\u00f3 que se esperan cielos mayormente despejados, con ausencia de lluvias durante los pr\u00f3ximos d\u00edas, se registrar\u00e1n ma\u00f1anas fr\u00edas y tardes calurosas especialmente en municipios como Hermosillo y Ciudad Obreg\u00f3n.<\/p>\n","protected":false},"excerpt":{"rendered":"<p>La semana en Sonora iniciar\u00e1 con temperaturas altas, alcanzando entre 35 y 40 grados cent\u00edgrados en zonas centro, sur y noroeste del estado, inform\u00f3 Gilberto Lagarda V\u00e1zquez, especialista t\u00e9cnico de Conagua. &nbsp; Especific\u00f3, que las ma\u00f1anas se mantendr\u00e1n frescas, con m\u00ednimas cercanas a cero grados en el norte y oriente, como ocurri\u00f3 en Y\u00e9cora, donde [&hellip;]<\/p>\n","protected":false},"author":2,"featured_media":233639,"comment_status":"closed","ping_status":"closed","sticky":false,"template":"","format":"standard","meta":{"footnotes":""},"categories":[12870,178],"tags":[12865,12869],"class_list":["post-233638","post","type-post","status-publish","format-standard","has-post-thumbnail","hentry","category-destacadas","category-local","tag-destacadas","tag-local"],"jetpack_featured_media_url":"https:\/\/rnoticias.com.mx\/Portal\/wp-content\/uploads\/2025\/10\/multimedia.normal.80904ef3b08fe2c0.6f6c612064652063616c6f7220325f6e6f726d616c2e6a7067.jpg","amp_enabled":true,"_links":{"self":[{"href":"https:\/\/rnoticias.com.mx\/Portal\/wp-json\/wp\/v2\/posts\/233638","targetHints":{"allow":["GET"]}}],"collection":[{"href":"https:\/\/rnoticias.com.mx\/Portal\/wp-json\/wp\/v2\/posts"}],"about":[{"href":"https:\/\/rnoticias.com.mx\/Portal\/wp-json\/wp\/v2\/types\/post"}],"author":[{"embeddable":true,"href":"https:\/\/rnoticias.com.mx\/Portal\/wp-json\/wp\/v2\/users\/2"}],"replies":[{"embeddable":true,"href":"https:\/\/rnoticias.com.mx\/Portal\/wp-json\/wp\/v2\/comments?post=233638"}],"version-history":[{"count":1,"href":"https:\/\/rnoticias.com.mx\/Portal\/wp-json\/wp\/v2\/posts\/233638\/revisions"}],"predecessor-version":[{"id":233640,"href":"https:\/\/rnoticias.com.mx\/Portal\/wp-json\/wp\/v2\/posts\/233638\/revisions\/233640"}],"wp:featuredmedia":[{"embeddable":true,"href":"https:\/\/rnoticias.com.mx\/Portal\/wp-json\/wp\/v2\/media\/233639"}],"wp:attachment":[{"href":"https:\/\/rnoticias.com.mx\/Portal\/wp-json\/wp\/v2\/media?parent=233638"}],"wp:term":[{"taxonomy":"category","embeddable":true,"href":"https:\/\/rnoticias.com.mx\/Portal\/wp-json\/wp\/v2\/categories?post=233638"},{"taxonomy":"post_tag","embeddable":true,"href":"https:\/\/rnoticias.com.mx\/Portal\/wp-json\/wp\/v2\/tags?post=233638"}],"curies":[{"name":"wp","href":"https:\/\/api.w.org\/{rel}","templated":true}]}}