{"id":233632,"date":"2025-10-27T16:24:19","date_gmt":"2025-10-27T23:24:19","guid":{"rendered":"https:\/\/rnoticias.com.mx\/Portal\/?p=233632"},"modified":"2025-10-27T16:24:19","modified_gmt":"2025-10-27T23:24:19","slug":"diputada-amairany-pena-y-la-doctora-claret-ruiz-impulsan-jornada-de-donacion-de-toallas-sanitarias-en-miguel-aleman","status":"publish","type":"post","link":"https:\/\/rnoticias.com.mx\/Portal\/2025\/10\/27\/diputada-amairany-pena-y-la-doctora-claret-ruiz-impulsan-jornada-de-donacion-de-toallas-sanitarias-en-miguel-aleman\/","title":{"rendered":"Diputada Amairany Pe\u00f1a y la doctora Claret Ruiz impulsan jornada de donaci\u00f3n de toallas sanitarias en Miguel Alem\u00e1n"},"content":{"rendered":"<p>Hermosillo, Sonora; 27 de octubre de 2025.- Con el objetivo de apoyar a adolescentes en situaci\u00f3n vulnerable, la diputada Amairany Pe\u00f1a (PES) y la doctora Claret Ruiz Inzunza organizar\u00e1n una jornada de donaci\u00f3n de toallas sanitarias, el pr\u00f3ximo 29 de octubre a las 10:00 a.m., en el Cbta 264 del poblado Miguel Alem\u00e1n del municipio de Hermosillo.<\/p>\n<p>La acci\u00f3n beneficiar\u00e1 a cerca de 540 alumnas de entre 15 y 18 a\u00f1os, con el prop\u00f3sito de promover la higiene menstrual digna y visibilizar la desigualdad que enfrentan muchas j\u00f3venes en nuestro pa\u00eds.<\/p>\n<p>\u201cInvitamos a la comunidad, comercios y empresas a sumarse a esta causa solidaria. Cada donaci\u00f3n hace la diferencia y nos ayuda a garantizar bienestar y salud para nuestras j\u00f3venes\u201d, se\u00f1alaron Pe\u00f1a y Ruiz.<\/p>\n<p>Las personas interesadas en donar o colaborar pueden comunicarse al 6621 439597 para coordinar su apoyo.<\/p>\n<p>Esta iniciativa refuerza el compromiso de l\u00edderes locales con la salud y el bienestar de las mujeres j\u00f3venes, destacando la importancia de acciones comunitarias que generen un impacto real y positivo.<\/p>\n","protected":false},"excerpt":{"rendered":"<p>Hermosillo, Sonora; 27 de octubre de 2025.- Con el objetivo de apoyar a adolescentes en situaci\u00f3n vulnerable, la diputada Amairany Pe\u00f1a (PES) y la doctora Claret Ruiz Inzunza organizar\u00e1n una jornada de donaci\u00f3n de toallas sanitarias, el pr\u00f3ximo 29 de octubre a las 10:00 a.m., en el Cbta 264 del poblado Miguel Alem\u00e1n del municipio [&hellip;]<\/p>\n","protected":false},"author":2,"featured_media":233633,"comment_status":"closed","ping_status":"closed","sticky":false,"template":"","format":"standard","meta":{"footnotes":""},"categories":[12870,178],"tags":[12865,12869],"class_list":["post-233632","post","type-post","status-publish","format-standard","has-post-thumbnail","hentry","category-destacadas","category-local","tag-destacadas","tag-local"],"jetpack_featured_media_url":"https:\/\/rnoticias.com.mx\/Portal\/wp-content\/uploads\/2025\/10\/7e4f1d97-9de0-425b-a519-35f149fe5099.jpeg","amp_enabled":true,"_links":{"self":[{"href":"https:\/\/rnoticias.com.mx\/Portal\/wp-json\/wp\/v2\/posts\/233632","targetHints":{"allow":["GET"]}}],"collection":[{"href":"https:\/\/rnoticias.com.mx\/Portal\/wp-json\/wp\/v2\/posts"}],"about":[{"href":"https:\/\/rnoticias.com.mx\/Portal\/wp-json\/wp\/v2\/types\/post"}],"author":[{"embeddable":true,"href":"https:\/\/rnoticias.com.mx\/Portal\/wp-json\/wp\/v2\/users\/2"}],"replies":[{"embeddable":true,"href":"https:\/\/rnoticias.com.mx\/Portal\/wp-json\/wp\/v2\/comments?post=233632"}],"version-history":[{"count":1,"href":"https:\/\/rnoticias.com.mx\/Portal\/wp-json\/wp\/v2\/posts\/233632\/revisions"}],"predecessor-version":[{"id":233634,"href":"https:\/\/rnoticias.com.mx\/Portal\/wp-json\/wp\/v2\/posts\/233632\/revisions\/233634"}],"wp:featuredmedia":[{"embeddable":true,"href":"https:\/\/rnoticias.com.mx\/Portal\/wp-json\/wp\/v2\/media\/233633"}],"wp:attachment":[{"href":"https:\/\/rnoticias.com.mx\/Portal\/wp-json\/wp\/v2\/media?parent=233632"}],"wp:term":[{"taxonomy":"category","embeddable":true,"href":"https:\/\/rnoticias.com.mx\/Portal\/wp-json\/wp\/v2\/categories?post=233632"},{"taxonomy":"post_tag","embeddable":true,"href":"https:\/\/rnoticias.com.mx\/Portal\/wp-json\/wp\/v2\/tags?post=233632"}],"curies":[{"name":"wp","href":"https:\/\/api.w.org\/{rel}","templated":true}]}}