{"id":233623,"date":"2025-10-27T16:17:51","date_gmt":"2025-10-27T23:17:51","guid":{"rendered":"https:\/\/rnoticias.com.mx\/Portal\/?p=233623"},"modified":"2025-10-27T16:17:51","modified_gmt":"2025-10-27T23:17:51","slug":"fortalece-gobierno-de-sonora-corredor-academico-en-beneficio-de-la-nacion-yaqui-uts","status":"publish","type":"post","link":"https:\/\/rnoticias.com.mx\/Portal\/2025\/10\/27\/fortalece-gobierno-de-sonora-corredor-academico-en-beneficio-de-la-nacion-yaqui-uts\/","title":{"rendered":"Fortalece Gobierno de Sonora corredor acad\u00e9mico en beneficio de la naci\u00f3n Yaqui: UTS"},"content":{"rendered":"<p>Cajeme, Sonora; 27 de octubre de 2025.- La Universidad Tecnol\u00f3gica del Sur de Sonora (UTS) y la Universidad del Pueblo Yaqui (UPY) formalizaron un Convenio General de Colaboraci\u00f3n Acad\u00e9mica, Cient\u00edfica y Tecnol\u00f3gica, con el prop\u00f3sito de fortalecer el corredor acad\u00e9mico en todo el territorio de la naci\u00f3n Yaqui.<\/p>\n<p>A trav\u00e9s de esta alianza estrat\u00e9gica, ambas instituciones impulsar\u00e1n el desarrollo de proyectos conjuntos en materia de docencia, investigaci\u00f3n, extensi\u00f3n y vinculaci\u00f3n, en beneficio de la educaci\u00f3n superior tecnol\u00f3gica de la regi\u00f3n.<\/p>\n<p>Sergio Pablo Mariscal Alvarado, rector de la UTS, y Alejandro Bacasegua Jim\u00e9nez, secretario Acad\u00e9mico de la UPY, firmaron el documento que permitir\u00e1 fortalecer la colaboraci\u00f3n entre ambas universidades, orientada a la formaci\u00f3n de profesionistas con alto nivel de preparaci\u00f3n, capaces de responder a las necesidades productivas, sociales y tecnol\u00f3gicas de la regi\u00f3n.<\/p>\n<p>Resalt\u00f3 la relevancia educativa de la UPY, ubicada en la comunidad de V\u00edcam Pueblo, en territorio del gobierno tradicional Yaqui, centro pol\u00edtico y administrativo de la etnia y, a su vez, formando parte del municipio de Guaymas. Tambi\u00e9n agradeci\u00f3 el compromiso y la voluntad del rector de la universidad, Crescencio Buitimea Valenzuela.<\/p>\n<p>Asimismo, subray\u00f3 que este convenio abre la posibilidad de generar proyectos de investigaci\u00f3n aplicada, as\u00ed como proyectos acad\u00e9micos que promuevan la innovaci\u00f3n e impacten positivamente a la comunidad, haciendo sinergia para el desarrollo regional.<\/p>\n<p>Francisco David Valladares Aranda, secretario Acad\u00e9mico de la UTS, reafirm\u00f3 la importancia de esta colaboraci\u00f3n al se\u00f1alar que se fomentar\u00e1 el intercambio de experiencias acad\u00e9micas y cient\u00edficas, adem\u00e1s de compartir recursos y conocimientos que beneficiar\u00e1n directamente a la comunidad universitaria de ambas instituciones.<\/p>\n","protected":false},"excerpt":{"rendered":"<p>Cajeme, Sonora; 27 de octubre de 2025.- La Universidad Tecnol\u00f3gica del Sur de Sonora (UTS) y la Universidad del Pueblo Yaqui (UPY) formalizaron un Convenio General de Colaboraci\u00f3n Acad\u00e9mica, Cient\u00edfica y Tecnol\u00f3gica, con el prop\u00f3sito de fortalecer el corredor acad\u00e9mico en todo el territorio de la naci\u00f3n Yaqui. A trav\u00e9s de esta alianza estrat\u00e9gica, ambas [&hellip;]<\/p>\n","protected":false},"author":2,"featured_media":233624,"comment_status":"closed","ping_status":"closed","sticky":false,"template":"","format":"standard","meta":{"footnotes":""},"categories":[12870,174],"tags":[12865,12873],"class_list":["post-233623","post","type-post","status-publish","format-standard","has-post-thumbnail","hentry","category-destacadas","category-estatal","tag-destacadas","tag-estatal"],"jetpack_featured_media_url":"https:\/\/rnoticias.com.mx\/Portal\/wp-content\/uploads\/2025\/10\/unnamed-82.jpg","amp_enabled":true,"_links":{"self":[{"href":"https:\/\/rnoticias.com.mx\/Portal\/wp-json\/wp\/v2\/posts\/233623","targetHints":{"allow":["GET"]}}],"collection":[{"href":"https:\/\/rnoticias.com.mx\/Portal\/wp-json\/wp\/v2\/posts"}],"about":[{"href":"https:\/\/rnoticias.com.mx\/Portal\/wp-json\/wp\/v2\/types\/post"}],"author":[{"embeddable":true,"href":"https:\/\/rnoticias.com.mx\/Portal\/wp-json\/wp\/v2\/users\/2"}],"replies":[{"embeddable":true,"href":"https:\/\/rnoticias.com.mx\/Portal\/wp-json\/wp\/v2\/comments?post=233623"}],"version-history":[{"count":1,"href":"https:\/\/rnoticias.com.mx\/Portal\/wp-json\/wp\/v2\/posts\/233623\/revisions"}],"predecessor-version":[{"id":233625,"href":"https:\/\/rnoticias.com.mx\/Portal\/wp-json\/wp\/v2\/posts\/233623\/revisions\/233625"}],"wp:featuredmedia":[{"embeddable":true,"href":"https:\/\/rnoticias.com.mx\/Portal\/wp-json\/wp\/v2\/media\/233624"}],"wp:attachment":[{"href":"https:\/\/rnoticias.com.mx\/Portal\/wp-json\/wp\/v2\/media?parent=233623"}],"wp:term":[{"taxonomy":"category","embeddable":true,"href":"https:\/\/rnoticias.com.mx\/Portal\/wp-json\/wp\/v2\/categories?post=233623"},{"taxonomy":"post_tag","embeddable":true,"href":"https:\/\/rnoticias.com.mx\/Portal\/wp-json\/wp\/v2\/tags?post=233623"}],"curies":[{"name":"wp","href":"https:\/\/api.w.org\/{rel}","templated":true}]}}